{"id":29064,"date":"2025-09-03T21:15:23","date_gmt":"2025-09-04T00:15:23","guid":{"rendered":"https:\/\/ipatingafc.com.br\/index.php\/2025\/09\/03\/itaipu-anuncia-nova-lista-de-contemplados-em-edital-social-e-ambiental\/"},"modified":"2025-09-03T21:15:23","modified_gmt":"2025-09-04T00:15:23","slug":"itaipu-anuncia-nova-lista-de-contemplados-em-edital-social-e-ambiental","status":"publish","type":"post","link":"https:\/\/ipatingafc.com.br\/index.php\/2025\/09\/03\/itaipu-anuncia-nova-lista-de-contemplados-em-edital-social-e-ambiental\/","title":{"rendered":"Itaipu anuncia nova lista de contemplados em edital social e ambiental"},"content":{"rendered":"<p><\/p>\n<div wp_automatic_readability=\"62.106644790812\">\n<p>A Itaipu Binacional divulgou nesta quarta-feira (3) a segunda chamada do Edital 01\/2024 do programa Itaipu Mais que Energia, em parceria com a Caixa Econ\u00f4mica Federal. <strong>Foram selecionadas 330 entidades de 167 munic\u00edpios do Paran\u00e1 e do sul do Mato Grosso do Sul, que devem receber R$ 83,3 milh\u00f5es para execu\u00e7\u00e3o de projetos sociais e ambientais.<\/strong><\/p>\n<p>A lista completa das organiza\u00e7\u00f5es contempladas pode ser acessada aqui.<\/p>\n<p>Na primeira chamada, divulgada em 30 de abril, j\u00e1 haviam sido beneficiadas 689 organiza\u00e7\u00f5es, com quase R$ 222 milh\u00f5es.<strong> Com a nova lista, o edital alcan\u00e7a 1.019 entidades em 297 munic\u00edpios, totalizando R$ 305 milh\u00f5es em investimentos.<\/strong> A expectativa \u00e9 beneficiar diretamente 560 mil pessoas.<\/p>\n<p><strong>Trag\u00e9dia em ponto tur\u00edstico; falha em bondinho deixa 3 \u00f3bitos e fere gravemente cerca de 20 pessoas<\/strong><\/p>\n<p><strong>Picciani reassume vaga na Alerj e substitui deputado TH Joias<\/strong><\/p>\n<p><strong>As institui\u00e7\u00f5es contempladas s\u00e3o organiza\u00e7\u00f5es sem fins lucrativos que atuam em 13 linhas de trabalho<\/strong>, como restaura\u00e7\u00e3o florestal, conserva\u00e7\u00e3o da fauna silvestre, educa\u00e7\u00e3o popular, esporte e cultura, g\u00eanero e diversidade, economia solid\u00e1ria, bioeconomia, seguran\u00e7a alimentar, pesca e aquicultura familiar, al\u00e9m de promo\u00e7\u00e3o da sa\u00fade e bem-estar social.<\/p>\n<p>Durante o an\u00fancio, o diretor-geral brasileiro da Itaipu, Enio Verri (foto), destacou a import\u00e2ncia da mobiliza\u00e7\u00e3o social.<\/p>\n<blockquote wp_automatic_readability=\"15\">\n<p>\u201cReconhecemos que apenas a prefeitura, o estado e a Uni\u00e3o, isoladamente, n\u00e3o conseguiriam superar as hist\u00f3ricas desigualdades que permeiam nossa na\u00e7\u00e3o. A popula\u00e7\u00e3o, com seu trabalho, vontade e dedica\u00e7\u00e3o ao pr\u00f3ximo, desempenha um papel crucial na redu\u00e7\u00e3o dessas disparidades\u201d, afirmou Enio Verri.<\/p>\n<\/blockquote>\n<p>O diretor de Coordena\u00e7\u00e3o da binacional, Carlos Carboni, ressaltou que o edital \u00e9 in\u00e9dito em abrang\u00eancia e impacto. \u201cO objetivo \u00e9 fortalecer organiza\u00e7\u00f5es sociais que desenvolvem projetos em \u00e1reas essenciais, com foco nos segmentos mais vulner\u00e1veis da sociedade\u201d, disse.<\/p>\n<p><strong>Corte Especial do STJ confirma afastamento de governador do Tocantins<\/strong><\/p>\n<p><strong>Receita antecipa pagamento do \u00faltimo lote da restitui\u00e7\u00e3o do IR<\/strong><\/p>\n<p><strong>As entidades classificadas ter\u00e3o at\u00e9 30 de setembro para revisar e ajustar seus projetos <\/strong>no sistema B\u00fassola Social. O suporte t\u00e9cnico ser\u00e1 oferecido pela Itaipu em hor\u00e1rio comercial. O n\u00e3o cumprimento das exig\u00eancias no prazo pode resultar na desclassifica\u00e7\u00e3o da institui\u00e7\u00e3o.<\/p>\n<\/div>\n","protected":false},"excerpt":{"rendered":"<p>A Itaipu Binacional divulgou nesta quarta-feira (3) a segunda chamada do Edital 01\/2024 do programa&#8230;<\/p>\n","protected":false},"author":2,"featured_media":0,"comment_status":"","ping_status":"","sticky":false,"template":"","format":"standard","meta":{"footnotes":""},"categories":[2],"tags":[],"class_list":["post-29064","post","type-post","status-publish","format-standard","hentry","category-jogos-ao-vivo"],"amp_enabled":true,"_links":{"self":[{"href":"https:\/\/ipatingafc.com.br\/index.php\/wp-json\/wp\/v2\/posts\/29064","targetHints":{"allow":["GET"]}}],"collection":[{"href":"https:\/\/ipatingafc.com.br\/index.php\/wp-json\/wp\/v2\/posts"}],"about":[{"href":"https:\/\/ipatingafc.com.br\/index.php\/wp-json\/wp\/v2\/types\/post"}],"author":[{"embeddable":true,"href":"https:\/\/ipatingafc.com.br\/index.php\/wp-json\/wp\/v2\/users\/2"}],"replies":[{"embeddable":true,"href":"https:\/\/ipatingafc.com.br\/index.php\/wp-json\/wp\/v2\/comments?post=29064"}],"version-history":[{"count":0,"href":"https:\/\/ipatingafc.com.br\/index.php\/wp-json\/wp\/v2\/posts\/29064\/revisions"}],"wp:attachment":[{"href":"https:\/\/ipatingafc.com.br\/index.php\/wp-json\/wp\/v2\/media?parent=29064"}],"wp:term":[{"taxonomy":"category","embeddable":true,"href":"https:\/\/ipatingafc.com.br\/index.php\/wp-json\/wp\/v2\/categories?post=29064"},{"taxonomy":"post_tag","embeddable":true,"href":"https:\/\/ipatingafc.com.br\/index.php\/wp-json\/wp\/v2\/tags?post=29064"}],"curies":[{"name":"wp","href":"https:\/\/api.w.org\/{rel}","templated":true}]}}