{"id":29079,"date":"2025-09-04T02:20:22","date_gmt":"2025-09-04T05:20:22","guid":{"rendered":"https:\/\/ipatingafc.com.br\/index.php\/2025\/09\/04\/contacao-de-historia-do-livro-a-arvore-acontece-no-ceu-das-artes-do-laranjeiras-neste-sabado-6-agencia-de-noticias\/"},"modified":"2025-09-04T02:20:22","modified_gmt":"2025-09-04T05:20:22","slug":"contacao-de-historia-do-livro-a-arvore-acontece-no-ceu-das-artes-do-laranjeiras-neste-sabado-6-agencia-de-noticias","status":"publish","type":"post","link":"https:\/\/ipatingafc.com.br\/index.php\/2025\/09\/04\/contacao-de-historia-do-livro-a-arvore-acontece-no-ceu-das-artes-do-laranjeiras-neste-sabado-6-agencia-de-noticias\/","title":{"rendered":"Conta\u00e7\u00e3o de hist\u00f3ria do livro \u201cA \u00c1rvore\u201d acontece no CEU das Artes do Laranjeiras neste s\u00e1bado (6) \u2013 Ag\u00eancia de Not\u00edcias"},"content":{"rendered":"<p><\/p>\n<div>\n<div class=\"col\">\n<p class=\"mt-0\">\n                        <strong><br \/>\n                            <span class=\"far fa-calendar mr-1 mt-2\"\/><br \/>\n                            3 de setembro de 2025<br \/>\n                            <span class=\"far fa-clock ml-3 mt-2\"\/><br \/>\n                            16:12<br \/>\n                        <\/strong>\n                    <\/p>\n<p class=\"mb-0\">Por: <strong>Gustavo Goes (Programa de Est\u00e1gio) Supervis\u00e3o: \u00c9velyn Azevedo<\/strong><\/p>\n<\/p><\/div>\n<\/p><\/div>\n<div>\n<p>Pais e filhos poder\u00e3o prestigiar gratuitamente a conta\u00e7\u00e3o de hist\u00f3ria do livro \u201cA \u00c1rvore\u201d, neste s\u00e1bado (6), a partir das 10h, no Centro de Artes e Esportes Unificados (CEU das Artes) \u201cProf. Fl\u00e1vio Vespasiano Di Giorgi\u201d, localizado no Parque das Laranjeiras. O espet\u00e1culo traz a hist\u00f3ria inspirada na obra de Bartolomeu Campos de Queir\u00f3s e \u00e9 apresentado pela contadora de hist\u00f3rias Fl\u00e1via Colpas, que tamb\u00e9m atua como professora e educadora ambiental.<\/p>\n<p>A programa\u00e7\u00e3o gratuita \u00e9 promovida pela Prefeitura de Sorocaba, por meio da Secretaria de Cultura (Secult), com o objetivo de incentivar o gosto pela leitura, por meio da conta\u00e7\u00e3o de hist\u00f3rias.<\/p>\n<p>A apresenta\u00e7\u00e3o se desenvolve por meio da narra\u00e7\u00e3o art\u00edstica com linguagem po\u00e9tica e musical, abordando a tem\u00e1tica ambiental de forma sens\u00edvel. Utilizando objetos c\u00eanicos confeccionados a partir de materiais org\u00e2nicos e recicl\u00e1veis, a hist\u00f3ria se ambienta na copa de uma \u00e1rvore, que \u00e9 habitada por diversos seres, como p\u00e1ssaros, borboletas, cigarras, grilos, lagartas, formigas, abelhas, cogumelos, carac\u00f3is, entre outros.<\/p>\n<p>A partir de movimentos, gestos e can\u00e7\u00f5es, a hist\u00f3ria narrada pela contadora prop\u00f5e reflex\u00f5es sobre nossas escolhas e atos no mundo com uma experi\u00eancia significativa. A composi\u00e7\u00e3o do cen\u00e1rio est\u00e1tico garante encantamento ao p\u00fablico, contando com a intera\u00e7\u00e3o de Fl\u00e1via Colpas.<\/p>\n<p>A atividade \u00e9 gratuita e aberta ao p\u00fablico. O CEU das Artes est\u00e1 localizado na Rua Washington Pensa, 969, no Parque das Laranjeiras. Mais informa\u00e7\u00f5es podem ser obtidas, de segunda a sexta-feira, das 8h \u00e0s 17h, pelo telefone: (15) 3221-9917.<\/p>\n<\/p><\/div>\n","protected":false},"excerpt":{"rendered":"<p>3 de setembro de 2025 16:12 Por: Gustavo Goes (Programa de Est\u00e1gio) Supervis\u00e3o: \u00c9velyn Azevedo&#8230;<\/p>\n","protected":false},"author":2,"featured_media":0,"comment_status":"","ping_status":"","sticky":false,"template":"","format":"standard","meta":{"footnotes":""},"categories":[2],"tags":[],"class_list":["post-29079","post","type-post","status-publish","format-standard","hentry","category-jogos-ao-vivo"],"amp_enabled":true,"_links":{"self":[{"href":"https:\/\/ipatingafc.com.br\/index.php\/wp-json\/wp\/v2\/posts\/29079","targetHints":{"allow":["GET"]}}],"collection":[{"href":"https:\/\/ipatingafc.com.br\/index.php\/wp-json\/wp\/v2\/posts"}],"about":[{"href":"https:\/\/ipatingafc.com.br\/index.php\/wp-json\/wp\/v2\/types\/post"}],"author":[{"embeddable":true,"href":"https:\/\/ipatingafc.com.br\/index.php\/wp-json\/wp\/v2\/users\/2"}],"replies":[{"embeddable":true,"href":"https:\/\/ipatingafc.com.br\/index.php\/wp-json\/wp\/v2\/comments?post=29079"}],"version-history":[{"count":0,"href":"https:\/\/ipatingafc.com.br\/index.php\/wp-json\/wp\/v2\/posts\/29079\/revisions"}],"wp:attachment":[{"href":"https:\/\/ipatingafc.com.br\/index.php\/wp-json\/wp\/v2\/media?parent=29079"}],"wp:term":[{"taxonomy":"category","embeddable":true,"href":"https:\/\/ipatingafc.com.br\/index.php\/wp-json\/wp\/v2\/categories?post=29079"},{"taxonomy":"post_tag","embeddable":true,"href":"https:\/\/ipatingafc.com.br\/index.php\/wp-json\/wp\/v2\/tags?post=29079"}],"curies":[{"name":"wp","href":"https:\/\/api.w.org\/{rel}","templated":true}]}}