{"id":29102,"date":"2025-09-04T10:58:19","date_gmt":"2025-09-04T13:58:19","guid":{"rendered":"https:\/\/ipatingafc.com.br\/index.php\/2025\/09\/04\/grupo-tortura-nunca-mais-teme-perda-de-imovel-para-alienacao-do-estado\/"},"modified":"2025-09-04T10:58:19","modified_gmt":"2025-09-04T13:58:19","slug":"grupo-tortura-nunca-mais-teme-perda-de-imovel-para-alienacao-do-estado","status":"publish","type":"post","link":"https:\/\/ipatingafc.com.br\/index.php\/2025\/09\/04\/grupo-tortura-nunca-mais-teme-perda-de-imovel-para-alienacao-do-estado\/","title":{"rendered":"Grupo Tortura Nunca Mais teme perda de im\u00f3vel para aliena\u00e7\u00e3o do Estado"},"content":{"rendered":"<p><\/p>\n<div wp_automatic_readability=\"77.069279722303\">\n<p>O Grupo Tortura Nunca Mais (GTNM-RJ) e outros movimentos sociais foram surpreendidos com a inclus\u00e3o dos im\u00f3veis onde funcionam em uma lista para aliena\u00e7\u00e3o do Estado. Movimentos que desenvolvem atividades de reconhecida import\u00e2ncia social ocupam\u00a0im\u00f3veis que est\u00e3o sem\u00a0uso\u00a0h\u00e1 anos.<\/p>\n<p>No caso do Grupo Tortura Nunca Mais, em outubro de 1994\u00a0o governo do estado do Rio cedeu o espa\u00e7o onde funciona sua sede, como um reconhecimento da atividade de interesse social iniciada em 1985. Durante esses 31 anos, o\u00a0espa\u00e7o abrigou o GTNM-RJ, permitindo o desenvolvimento de atividades de acolhimento \u00e0s v\u00edtimas de viol\u00eancia, a preserva\u00e7\u00e3o da mem\u00f3ria e a defesa dos direitos humanos.<\/p>\n<p><strong>Em nota, o GTNM-RJ, preocupado com o perigo da perda da sede, na Rua General Polidoro, 238, em Botafogo, zona sul do Rio, diz que a inclus\u00e3o do im\u00f3vel na lista de bens para aliena\u00e7\u00e3o\u00a0p\u00f5e em risco a manuten\u00e7\u00e3o das atividades de uma organiza\u00e7\u00e3o que n\u00e3o tem fins lucrativos e n\u00e3o recebe\u00a0qualquer financiamento do estado, vivendo exclusivamente de doa\u00e7\u00f5es de pessoas que se solidarizam com a luta hist\u00f3rica.<\/strong><\/p>\n<p><strong>Dois ter\u00e7os das mulheres do Rio sofreram viol\u00eancia obst\u00e9trica<\/strong><\/p>\n<p><strong>Pesquisa mede impacto de mudan\u00e7as do clima e desmatamento na Amaz\u00f4nia<\/strong><\/p>\n<p>A import\u00e2ncia do GTNM-RJ para a democracia brasileira e o fortalecimento da cidadania \u00e9 reconhecida nacional e internacionalmente.<\/p>\n<blockquote wp_automatic_readability=\"10\">\n<p>\u201cReivindicamos que os im\u00f3veis onde funciona o Grupo Tortura Nunca Mais, do Rio de Janeiro, e os demais movimentos sociais atingidos sejam retirados da lista e que cada caso seja estudado, a fim de garantir o funcionamento e as fun\u00e7\u00f5es sociais que exercem\u201d.<\/p>\n<\/blockquote>\n<p><strong>Mais de 800 pessoas da sociedade civil j\u00e1 assinaram um abaixo-assinado para a manuten\u00e7\u00e3o da sede do Tortura Nunca Mais\u00a0em Botafogo,\u00a0lugar que ocupa h\u00e1 mais de tr\u00eas d\u00e9cadas.<\/strong><\/p>\n<h2>Vistoria<\/h2>\n<p>Em reuni\u00e3o realizada nessa quarta-feira (3), o presidente da Comiss\u00e3o de Constitui\u00e7\u00e3o e Justi\u00e7a (CCJ) da Assembleia Legislativa do Rio (Alerj), deputado Rodrigo Amorim (Uni\u00e3o), designou o deputado Alexandre Knoploch (PL) como presidente do grupo de trabalho que tratar\u00e1 do assunto. Afirmou que, nos pr\u00f3ximos dias, ser\u00e3o realizadas vistorias nos locais dos im\u00f3veis listados para aliena\u00e7\u00e3o.\u00a0<\/p>\n<p><strong>Anvisa pro\u00edbe anel que permite medir glicose sem picada de agulha<\/strong><\/p>\n<p><strong>CGU abre 40 processos sobre descontos ilegais em pens\u00f5es do INSS<\/strong><\/p>\n<p>Amorim antecipou que a expectativa \u00e9 de que j\u00e1 na pr\u00f3xima semana seja apresentado um relat\u00f3rio inicial sobre essa vistoria.<\/p>\n<blockquote wp_automatic_readability=\"11\">\n<p>\u201cOs trabalhos j\u00e1 come\u00e7aram e estamos recebendo na comiss\u00e3o of\u00edcios das bancadas, estabelecendo quais im\u00f3veis eles querem excluir ou incluir no texto final dessa aliena\u00e7\u00e3o. Todos esses pedidos ser\u00e3o analisados, enquanto o projeto tramita em primeira discuss\u00e3o\u201d, afirmou o presidente da CCJ.<\/p>\n<\/blockquote>\n<p><strong>Entre os im\u00f3veis listados para aliena\u00e7\u00e3o est\u00e3o o Est\u00e1dio Caio Martins, em Niter\u00f3i; o Batalh\u00e3o de Pol\u00edcia Militar do Leblon; al\u00e9m das sedes do Grupo Arco-\u00cdris, do Tortura Nunca Mais e da Escola Villa-Lobos.<\/strong><\/p>\n<p>Em nota, a Casa Civil do governo do estado informou que \u201co projeto de lei enviado \u00e0 Alerj, que relaciona im\u00f3veis do Estado, tem car\u00e1ter autorizativo. Caso aprovado, caber\u00e1 ao governo avaliar a necessidade e o prazo para eventual aliena\u00e7\u00e3o, mas sempre com aten\u00e7\u00e3o especial a institui\u00e7\u00f5es que prestam servi\u00e7os de relevante interesse social, garantindo a continuidade de suas atividades\u201d.<\/p>\n<\/div>\n","protected":false},"excerpt":{"rendered":"<p>O Grupo Tortura Nunca Mais (GTNM-RJ) e outros movimentos sociais foram surpreendidos com a inclus\u00e3o&#8230;<\/p>\n","protected":false},"author":2,"featured_media":0,"comment_status":"","ping_status":"","sticky":false,"template":"","format":"standard","meta":{"footnotes":""},"categories":[2],"tags":[],"class_list":["post-29102","post","type-post","status-publish","format-standard","hentry","category-jogos-ao-vivo"],"amp_enabled":true,"_links":{"self":[{"href":"https:\/\/ipatingafc.com.br\/index.php\/wp-json\/wp\/v2\/posts\/29102","targetHints":{"allow":["GET"]}}],"collection":[{"href":"https:\/\/ipatingafc.com.br\/index.php\/wp-json\/wp\/v2\/posts"}],"about":[{"href":"https:\/\/ipatingafc.com.br\/index.php\/wp-json\/wp\/v2\/types\/post"}],"author":[{"embeddable":true,"href":"https:\/\/ipatingafc.com.br\/index.php\/wp-json\/wp\/v2\/users\/2"}],"replies":[{"embeddable":true,"href":"https:\/\/ipatingafc.com.br\/index.php\/wp-json\/wp\/v2\/comments?post=29102"}],"version-history":[{"count":0,"href":"https:\/\/ipatingafc.com.br\/index.php\/wp-json\/wp\/v2\/posts\/29102\/revisions"}],"wp:attachment":[{"href":"https:\/\/ipatingafc.com.br\/index.php\/wp-json\/wp\/v2\/media?parent=29102"}],"wp:term":[{"taxonomy":"category","embeddable":true,"href":"https:\/\/ipatingafc.com.br\/index.php\/wp-json\/wp\/v2\/categories?post=29102"},{"taxonomy":"post_tag","embeddable":true,"href":"https:\/\/ipatingafc.com.br\/index.php\/wp-json\/wp\/v2\/tags?post=29102"}],"curies":[{"name":"wp","href":"https:\/\/api.w.org\/{rel}","templated":true}]}}