{"id":29103,"date":"2025-09-04T11:39:18","date_gmt":"2025-09-04T14:39:18","guid":{"rendered":"https:\/\/ipatingafc.com.br\/index.php\/2025\/09\/04\/laurez-moreira-assume-governo-do-tocantins-e-exonera-secretarios\/"},"modified":"2025-09-04T11:39:18","modified_gmt":"2025-09-04T14:39:18","slug":"laurez-moreira-assume-governo-do-tocantins-e-exonera-secretarios","status":"publish","type":"post","link":"https:\/\/ipatingafc.com.br\/index.php\/2025\/09\/04\/laurez-moreira-assume-governo-do-tocantins-e-exonera-secretarios\/","title":{"rendered":"Laurez Moreira assume governo do Tocantins e exonera secret\u00e1rios"},"content":{"rendered":"<p><\/p>\n<div wp_automatic_readability=\"133.81272853909\">\n<p>O vice-governador do Tocantins, Laurez Rocha Moreira (PSD), assumiu, interinamente, o comando do Poder Executivo estadual. O ato administrativo\u00a0foi publicado no <em>Di\u00e1rio Oficial<\/em> do estado de quarta-feira (3), poucas horas ap\u00f3s o Superior Tribunal de Justi\u00e7a (STJ) determinar o imediato afastamento do cargo do ent\u00e3o governador Wanderley Barbosa (Republicanos).\u00a0<\/p>\n<p>Barbosa \u00e9 investigado por suspeitas de participa\u00e7\u00e3o em um suposto esquema montado para desviar recursos p\u00fablicos destinados \u00e0 compra de cestas b\u00e1sicas durante a pandemia da covid-19, de 2020 a 2021. A Pol\u00edcia Federal (PF) afirma j\u00e1 ter reunido ind\u00edcios de que os investigados se aproveitaram do estado de emerg\u00eancia em sa\u00fade p\u00fablica e assist\u00eancia social decretado em virtude da pandemia para se apropriar de parte do dinheiro destinado ao estado, inclusive por meio de emendas parlamentares.\u00a0<\/p>\n<p><strong>Ainda de acordo com a PF, considerando apenas os contratos para a compra de cestas b\u00e1sicas e frango congelado, da ordem de R$ 97 milh\u00f5es, o preju\u00edzo aos cofres p\u00fablicos pode chegar a R$ 73 milh\u00f5es.<\/strong>\u00a0\u00a0<\/p>\n<p><strong>Dois ter\u00e7os das mulheres do Rio sofreram viol\u00eancia obst\u00e9trica<\/strong><\/p>\n<p><strong>Pesquisa mede impacto de mudan\u00e7as do clima e desmatamento na Amaz\u00f4nia<\/strong><\/p>\n<p>Por determina\u00e7\u00e3o do ministro do STJ Mauro Campbell, relator da investiga\u00e7\u00e3o que tramita em segredo de Justi\u00e7a, Barbosa e sua esposa, Karynne Sotero Campos, que respondia pela secretaria estadual Extraordin\u00e1ria de Participa\u00e7\u00f5es Sociais, deixar\u00e3o de exercer suas atribui\u00e7\u00f5es p\u00fablicas por, no m\u00ednimo, 180 dias. Campbell tamb\u00e9m proibiu o casal de acessar pr\u00e9dios de \u00f3rg\u00e3os p\u00fablicos estaduais, incluindo o Pal\u00e1cio do Araguaia, sede do Poder Executivo de Tocantins, e a Assembleia Legislativa. As medidas cautelares impostas pelo ministro foram referendadas pela Corte Especial do STJ, por unanimidade.<\/p>\n<h2>Exonera\u00e7\u00f5es<\/h2>\n<p><strong>T\u00e3o logo substituiu interinamente Barbosa, Laurez Moreira anunciou a exonera\u00e7\u00e3o de todo o primeiro escal\u00e3o do Poder Executivo e a substitui\u00e7\u00e3o dos cargos por pessoas de sua confian\u00e7a.<\/strong> O <em>DO<\/em> publicou 51 exonera\u00e7\u00f5es, incluindo a Procuradoria-Geral; os comandos da Pol\u00edcia Militar e do Corpo de Bombeiros; as presid\u00eancias dos institutos Natureza do Tocantins (Naturatins) e de Gest\u00e3o Previdenci\u00e1ria (Igeprev), al\u00e9m das ag\u00eancias de Tecnologia da Informa\u00e7\u00e3o (ATI-TO) e de Transportes, Obras e Infraestrutura (Ageto), entre outros \u00f3rg\u00e3os.<\/p>\n<p><strong>Em sua primeira entrevista coletiva na condi\u00e7\u00e3o de governador interino, Moreira anunciou que sua prioridade \u00e9 resgatar a confian\u00e7a da sociedade e dos investidores, conferindo mais transpar\u00eancia \u00e0 gest\u00e3o estadual.<\/strong><\/p>\n<p>\u201cA falta de transpar\u00eancia abre espa\u00e7o para a corrup\u00e7\u00e3o. O que queremos \u00e9 justamente o contr\u00e1rio, um governo aberto, em que todos tenham acesso \u00e0s informa\u00e7\u00f5es e possam acompanhar cada passo da administra\u00e7\u00e3o\u201d, declarou Moreira.\u00a0<\/p>\n<p><strong>Grupo Tortura Nunca Mais teme perda de im\u00f3vel para aliena\u00e7\u00e3o do Estado<\/strong><\/p>\n<p><strong>Anvisa pro\u00edbe anel que permite medir glicose sem picada de agulha<\/strong><\/p>\n<h2>Balc\u00e3o de neg\u00f3cios<\/h2>\n<p><strong>Alvo da Opera\u00e7\u00e3o Fames-19, cuja primeira fase a PF realizou em 21 de agosto de 2024, e a segunda fase foi deflagrada nesta quarta-feira, o governador afastado Mauro Barbosa se defende afirmando que, na \u00e9poca dos fatos investigados, era vice-governador e n\u00e3o respondia por contratos.<\/strong><\/p>\n<blockquote wp_automatic_readability=\"15\">\n<p>\u201c\u00c9 importante ressaltar que o pagamento das cestas b\u00e1sicas, objeto da investiga\u00e7\u00e3o, ocorreu entre 2020 e 2021, ainda na gest\u00e3o anterior, quando eu exercia o cargo de vice-governador e n\u00e3o era ordenador de despesas\u201d, reafirmou Barbosa, referindo-se \u00e0 gest\u00e3o de seu antecessor, o ex-governador Mauro Carlesse.<\/p>\n<\/blockquote>\n<p><strong>Em outubro de 2021, Carlesse tamb\u00e9m foi afastado do cargo por determina\u00e7\u00e3o do STJ, devido a suspeitas de participa\u00e7\u00e3o em um esquema de propinas.<\/strong> Ele renunciou ao cargo em mar\u00e7o de 2022. Com a ren\u00fancia, o STJ remeteu para a primeira inst\u00e2ncia da Justi\u00e7a estadual os processos e as investiga\u00e7\u00f5es criminais envolvendo Carlesse, e Barbosa assumiu o governo em car\u00e1ter definitivo.\u00a0<\/p>\n<p>Para o relator da investiga\u00e7\u00e3o no STJ, ministro Mauro Campbell, bem como para os membros da Corte Especial que referendaram \u00e0s medidas cautelares impostas a Barbosa e a outros investigados, as provas j\u00e1 colhidas apontam que, embora o esquema de desvio de recursos p\u00fablicos tenha sido implementado em gest\u00f5es anteriores, foi n\u00e3o s\u00f3 continuado, como incrementado, ap\u00f3s a chegada de Barbosa ao Pal\u00e1cio do Araguaia, sede do Poder Executivo estadual.<\/p>\n<blockquote wp_automatic_readability=\"14\">\n<p>\u201cForam reunidos fartos ind\u00edcios de que o amplo esquema de desvio de recursos p\u00fablicos por meio do fornecimento de cestas b\u00e1sicas contou com a ci\u00eancia e aquiesc\u00eancia do pr\u00f3prio senhor Wanderley Barbosa, que se valeu de empres\u00e1rios pr\u00f3ximos e, sobretudo, de assessores especiais, para montar uma estrutura sistem\u00e1tica e bem organizada de desvio de recursos p\u00fablicos do governo do Estado do Tocantins\u201d, afirmou Campbell, durante a sess\u00e3o da Corte Especial desta quarta-feira.\u00a0<\/p>\n<\/blockquote>\n<p>Segundo o ministro, Barbosa \u201ctransformou o governo do estado em um verdadeiro balc\u00e3o de neg\u00f3cios, recebendo montantes em esp\u00e9cie a t\u00edtulo de vantagem indevida\u201d.<\/p>\n<p>O governador afastado, por sua vez, garante que, logo ao assumir o cargo, determinou que a Procuradoria-Geral e a Controladoria-Geral do Estado auditassem todos os contratos sob suspeita e encaminhassem integralmente as informa\u00e7\u00f5es \u00e0s autoridades competentes.<\/p>\n<p><strong>\u201cAl\u00e9m dessas provid\u00eancias j\u00e1 em curso, acionarei os meios jur\u00eddicos necess\u00e1rios para reassumir o cargo de governador, comprovar a legalidade dos meus atos e enfrentar essa injusti\u00e7a, assegurando a estabilidade do Estado e a continuidade dos servi\u00e7os \u00e0 popula\u00e7\u00e3o\u201d, garantiu Barbosa, em nota.<\/strong><\/p>\n<\/div>\n","protected":false},"excerpt":{"rendered":"<p>O vice-governador do Tocantins, Laurez Rocha Moreira (PSD), assumiu, interinamente, o comando do Poder Executivo&#8230;<\/p>\n","protected":false},"author":2,"featured_media":0,"comment_status":"","ping_status":"","sticky":false,"template":"","format":"standard","meta":{"footnotes":""},"categories":[2],"tags":[],"class_list":["post-29103","post","type-post","status-publish","format-standard","hentry","category-jogos-ao-vivo"],"amp_enabled":true,"_links":{"self":[{"href":"https:\/\/ipatingafc.com.br\/index.php\/wp-json\/wp\/v2\/posts\/29103","targetHints":{"allow":["GET"]}}],"collection":[{"href":"https:\/\/ipatingafc.com.br\/index.php\/wp-json\/wp\/v2\/posts"}],"about":[{"href":"https:\/\/ipatingafc.com.br\/index.php\/wp-json\/wp\/v2\/types\/post"}],"author":[{"embeddable":true,"href":"https:\/\/ipatingafc.com.br\/index.php\/wp-json\/wp\/v2\/users\/2"}],"replies":[{"embeddable":true,"href":"https:\/\/ipatingafc.com.br\/index.php\/wp-json\/wp\/v2\/comments?post=29103"}],"version-history":[{"count":0,"href":"https:\/\/ipatingafc.com.br\/index.php\/wp-json\/wp\/v2\/posts\/29103\/revisions"}],"wp:attachment":[{"href":"https:\/\/ipatingafc.com.br\/index.php\/wp-json\/wp\/v2\/media?parent=29103"}],"wp:term":[{"taxonomy":"category","embeddable":true,"href":"https:\/\/ipatingafc.com.br\/index.php\/wp-json\/wp\/v2\/categories?post=29103"},{"taxonomy":"post_tag","embeddable":true,"href":"https:\/\/ipatingafc.com.br\/index.php\/wp-json\/wp\/v2\/tags?post=29103"}],"curies":[{"name":"wp","href":"https:\/\/api.w.org\/{rel}","templated":true}]}}