{"id":29112,"date":"2025-09-04T14:52:37","date_gmt":"2025-09-04T17:52:37","guid":{"rendered":"https:\/\/ipatingafc.com.br\/index.php\/2025\/09\/04\/elevados-serao-fechados-para-manutencao-prefeitura-da-cidade-do-rio-de-janeiro\/"},"modified":"2025-09-04T14:52:37","modified_gmt":"2025-09-04T17:52:37","slug":"elevados-serao-fechados-para-manutencao-prefeitura-da-cidade-do-rio-de-janeiro","status":"publish","type":"post","link":"https:\/\/ipatingafc.com.br\/index.php\/2025\/09\/04\/elevados-serao-fechados-para-manutencao-prefeitura-da-cidade-do-rio-de-janeiro\/","title":{"rendered":"Elevados ser\u00e3o fechados para manuten\u00e7\u00e3o &#8211; Prefeitura da Cidade do Rio de Janeiro"},"content":{"rendered":"<p><\/p>\n<div id=\"main\">\n<div class=\"wrapper-breadcrumbs\" wp_automatic_readability=\"28.042931937173\">\n<div class=\"image-post\" wp_automatic_readability=\"33\">\n                     O tablado inferior do Elevado das Bandeiras ser\u00e1 interditado para servi\u00e7os de manuten\u00e7\u00e3o  &#8211; Prefeitura do Rio                  <\/div>\n<p>O tablado inferior do Elevado das Bandeiras ser\u00e1 fechado, nesta quinta-feira (4\/9), no sentido S\u00e3o Conrado, das 23h \u00e0s 4h30, para manuten\u00e7\u00e3o. A liga\u00e7\u00e3o Barra da Tijuca-S\u00e3o Conrado ser\u00e1 feita pela pista do tablado superior.<\/p>\n<p>Os elevados Engenheiro Freyssinet (elevado sobre a Av. Paulo de Frontin) e Rufino Pizarro ser\u00e3o fechados na madrugada de sexta-feira (5\/9), no sentido Zona Sul, da 1h \u00e0s 5h, para servi\u00e7os de manuten\u00e7\u00e3o. Os motoristas poder\u00e3o utilizar, como rota alternativa, a Avenida Paulo de Frontin e, em seguida, o T\u00fanel Rebou\u00e7as.<\/p>\n<p>Em todas as interdi\u00e7\u00f5es programadas, sinaliza\u00e7\u00e3o espec\u00edfica ser\u00e1 instalada para orientar e alertar os motoristas, e operadores da CET-Rio far\u00e3o o monitoramento das condi\u00e7\u00f5es do tr\u00e2nsito e, se necess\u00e1rio, ir\u00e3o atuar. Al\u00e9m disso, os tempos semaf\u00f3ricos ser\u00e3o ajustados para a fluidez nas rotas de desvios e nos principais corredores das regi\u00f5es.<\/p>\n<p>A programa\u00e7\u00e3o poder\u00e1 ser suspensa a qualquer momento em raz\u00e3o das condi\u00e7\u00f5es clim\u00e1ticas ou por quest\u00f5es operacionais da cidade.<\/p>\n<p>             <!-- Compartilhe ---><\/p>\n<p>\t\t\t <!-- TAGS --><\/p>\n<section class=\"category-tags\">\n<div class=\"marcacao-category\">\n<article class=\"category-post\">\n<p>Categoria: <\/p>\n<\/article>\n<li>4 de setembro de 2025<\/li><\/div>\n<article class=\"tags\">\n\t\t\t\t\tMarca\u00e7\u00f5es: CET-Rio Elevado das Bandeiras Elevado Engenheiro Freyssinet Elevado Rufino Pizarro interdi\u00e7\u00f5es tr\u00e2nsito<br \/><\/article>\n<\/section>\n<p>            <!-- Mais Not&iacute;cias --><\/p>\n<p>\t\t<!-- Conte&uacute;do SIDEBAR --><\/p><\/div>\n<\/p><\/div>\n","protected":false},"excerpt":{"rendered":"<p>O tablado inferior do Elevado das Bandeiras ser\u00e1 interditado para servi\u00e7os de manuten\u00e7\u00e3o &#8211; Prefeitura&#8230;<\/p>\n","protected":false},"author":2,"featured_media":0,"comment_status":"","ping_status":"","sticky":false,"template":"","format":"standard","meta":{"footnotes":""},"categories":[2],"tags":[],"class_list":["post-29112","post","type-post","status-publish","format-standard","hentry","category-jogos-ao-vivo"],"amp_enabled":true,"_links":{"self":[{"href":"https:\/\/ipatingafc.com.br\/index.php\/wp-json\/wp\/v2\/posts\/29112","targetHints":{"allow":["GET"]}}],"collection":[{"href":"https:\/\/ipatingafc.com.br\/index.php\/wp-json\/wp\/v2\/posts"}],"about":[{"href":"https:\/\/ipatingafc.com.br\/index.php\/wp-json\/wp\/v2\/types\/post"}],"author":[{"embeddable":true,"href":"https:\/\/ipatingafc.com.br\/index.php\/wp-json\/wp\/v2\/users\/2"}],"replies":[{"embeddable":true,"href":"https:\/\/ipatingafc.com.br\/index.php\/wp-json\/wp\/v2\/comments?post=29112"}],"version-history":[{"count":0,"href":"https:\/\/ipatingafc.com.br\/index.php\/wp-json\/wp\/v2\/posts\/29112\/revisions"}],"wp:attachment":[{"href":"https:\/\/ipatingafc.com.br\/index.php\/wp-json\/wp\/v2\/media?parent=29112"}],"wp:term":[{"taxonomy":"category","embeddable":true,"href":"https:\/\/ipatingafc.com.br\/index.php\/wp-json\/wp\/v2\/categories?post=29112"},{"taxonomy":"post_tag","embeddable":true,"href":"https:\/\/ipatingafc.com.br\/index.php\/wp-json\/wp\/v2\/tags?post=29112"}],"curies":[{"name":"wp","href":"https:\/\/api.w.org\/{rel}","templated":true}]}}