{"id":29113,"date":"2025-09-04T15:04:27","date_gmt":"2025-09-04T18:04:27","guid":{"rendered":"https:\/\/ipatingafc.com.br\/index.php\/2025\/09\/04\/governo-lanca-programa-para-distribuir-gas-a-155-milhoes-de-familias\/"},"modified":"2025-09-04T15:04:27","modified_gmt":"2025-09-04T18:04:27","slug":"governo-lanca-programa-para-distribuir-gas-a-155-milhoes-de-familias","status":"publish","type":"post","link":"https:\/\/ipatingafc.com.br\/index.php\/2025\/09\/04\/governo-lanca-programa-para-distribuir-gas-a-155-milhoes-de-familias\/","title":{"rendered":"Governo lan\u00e7a programa para distribuir g\u00e1s a 15,5 milh\u00f5es de fam\u00edlias"},"content":{"rendered":"<p><\/p>\n<div wp_automatic_readability=\"97.123209820414\">\n<p><strong>O presidente Luiz In\u00e1cio Lula da Silva lan\u00e7ou, nesta quinta-feira (4), o programa G\u00e1s do Povo, que garantir\u00e1 g\u00e1s de cozinha gratuito a fam\u00edlias de baixa renda.<\/strong> O programa substituir\u00e1 o Aux\u00edlio G\u00e1s e <strong>deve atender cerca de 15,5 milh\u00f5es de fam\u00edlias.<\/strong><\/p>\n<p>Em evento na comunidade Aglomerado da Serra, em Belo Horizonte, <strong>Lula assinou a medida provis\u00f3ria (MP) que cria o programa, a ser enviada para aprecia\u00e7\u00e3o do Congresso Nacional. <\/strong>A MP entra em vigor imediatamente, mas precisa ser votada pelos parlamentares em 120 dias para n\u00e3o perder a validade.<\/p>\n<p><strong>A distribui\u00e7\u00e3o dos botij\u00f5es deve come\u00e7ar a partir de 30 de outubro, sem atravessadores<\/strong>.<\/p>\n<p><strong>PP e Uni\u00e3o saem do governo para herdar voto bolsonarista, diz analista<\/strong><\/p>\n<p><strong>Jovem de 22 anos se despede nas redes sociais horas antes de tirar a pr\u00f3pria vida<\/strong><\/p>\n<blockquote wp_automatic_readability=\"15\">\n<p>\u201cUm botij\u00e3o desse sai da Petrobras, com 13 quilos de g\u00e1s, a R$ 37. Ele chega em muitos lugares a R$ 150, R$ 140, a R$ 130. \u00c9 um absurdo a diferen\u00e7a entre o pre\u00e7o da Petrobras e o pre\u00e7o que o g\u00e1s chega\u201d, disse Lula. O\u00a0ministro de Minas e Energia, Alexandre Silveira, tamb\u00e9m participou do lan\u00e7amento.<\/p>\n<\/blockquote>\n<p>Em vez do benef\u00edcio em dinheiro, com o novo programa, <strong>cada fam\u00edlia vai retirar diretamente o botij\u00e3o de g\u00e1s nas revendedoras credenciadas<\/strong> pelo governo federal. \u201cA mudan\u00e7a aumenta a efici\u00eancia, a transpar\u00eancia e o controle da pol\u00edtica p\u00fablica\u201d, destacou o governo.<\/p>\n<p><strong>No Brasil, cerca de 12 milh\u00f5es de domic\u00edlios ainda utilizam lenha e g\u00e1s de forma combinada para cozinhar, segundo dados do Instituto Brasileiro de Geografia e Estat\u00edstica (IBGE). Entre esses, aproximadamente 5 milh\u00f5es s\u00e3o fam\u00edlias de baixa renda que\u00a0recorrem \u00e0 lenha devido ao impacto do valor do botij\u00e3o no or\u00e7amento familiar.<\/strong><\/p>\n<p>Nesse sentido, o governo destaca que a pol\u00edtica protege a sa\u00fade da popula\u00e7\u00e3o\u00a0exposta\u00a0\u00e0 polui\u00e7\u00e3o pela queima de biomassa ou aos perigos do uso de \u00e1lcool.<\/p>\n<p><strong>Programa\u00e7\u00e3o do Dia da Amaz\u00f4nia mobiliza para COP30<\/strong><\/p>\n<p><strong>Atitude de Odete Roitman em Vale Tudo faz D\u00e9bora Bloch ser aclamada nas redes sociais<\/strong><\/p>\n<p>O programa ser\u00e1 custeado integralmente com recursos p\u00fablicos, sem necessidade de cr\u00e9ditos extraor\u00e7ament\u00e1rios. <strong>Para este ano, j\u00e1 est\u00e3o previstos na Lei Or\u00e7ament\u00e1ria Anual (LOA) mais de R$ 3,57 bilh\u00f5es para a implementa\u00e7\u00e3o do G\u00e1s do Povo. Para 2026, a previs\u00e3o \u00e9 de R$ 5,1 bilh\u00f5es.<\/strong><\/p>\n<h2>Funcionamento<\/h2>\n<p><strong>Ter\u00e3o direito ao benef\u00edcio as fam\u00edlias inscritas no Cadastro \u00danico (Cad\u00danico) com renda mensal <em>per capita<\/em> de at\u00e9 meio sal\u00e1rio m\u00ednimo (hoje em R$ 759), com prioridade para aqueles que recebem o Bolsa Fam\u00edlia<\/strong>. Cada fam\u00edlia ter\u00e1 direito a uma quantidade de botij\u00f5es por ano, conforme a composi\u00e7\u00e3o familiar: at\u00e9 tr\u00eas botij\u00f5es para aquelas de dois integrantes; at\u00e9 quatro para as com tr\u00eas integrantes; e at\u00e9 seis botij\u00f5es anuais para fam\u00edlias com quatro ou mais membros.<\/p>\n<p>Hoje, a Regi\u00e3o Nordeste concentra o maior n\u00famero de fam\u00edlias contempladas.<strong> A estimativa \u00e9 que mais de 7,1 milh\u00f5es de fam\u00edlias nordestinas sejam atendidas. Na sequ\u00eancia aparecem Sudeste (4,4 milh\u00f5es), Norte (2,1 milh\u00f5es), Sul (1,1 milh\u00e3o) e Centro-Oeste (889 mil).<\/strong><\/p>\n<p>\u00a0<\/p>\n<table border=\"1\" cellpadding=\"1\" cellspacing=\"1\" style=\"width:500px;\">\n<tbody>\n<tr>\n<td class=\"rtecenter\"><strong>Regi\u00e3o<\/strong><\/td>\n<td class=\"rtecenter\"><strong>Fam\u00edlias beneficiadas<\/strong><\/td>\n<\/tr>\n<tr>\n<td class=\"rtecenter\">Centro-Oeste<\/td>\n<td class=\"rtecenter\">889 mil<\/td>\n<\/tr>\n<tr>\n<td class=\"rtecenter\">Nordeste<\/td>\n<td class=\"rtecenter\">7,1 milh\u00f5es<\/td>\n<\/tr>\n<tr>\n<td class=\"rtecenter\">Norte<\/td>\n<td class=\"rtecenter\">2,1 milh\u00f5es<\/td>\n<\/tr>\n<tr>\n<td class=\"rtecenter\">Sudeste<\/td>\n<td class=\"rtecenter\">4,4 milh\u00f5es<\/td>\n<\/tr>\n<tr>\n<td class=\"rtecenter\">Sul<\/td>\n<td class=\"rtecenter\">1,1 milh\u00e3o<\/td>\n<\/tr>\n<\/tbody>\n<\/table>\n<p><strong>A previs\u00e3o \u00e9 que cerca de 65 milh\u00f5es de botij\u00f5es sejam distribu\u00eddos por ano<\/strong>.<\/p>\n<p>A operacionaliza\u00e7\u00e3o do programa ser\u00e1 feita de diversas formas:<\/p>\n<ul>\n<li>Por meio de um aplicativo gerido pelo Minist\u00e9rio do Desenvolvimento e Assist\u00eancia Social, Fam\u00edlia e Combate \u00e0 Fome (MDS), onde o benefici\u00e1rio poder\u00e1 localizar revendas credenciadas e acessar o vale eletr\u00f4nico;<\/li>\n<li>Com o cart\u00e3o do pr\u00f3prio programa que ser\u00e1 criado;<\/li>\n<li>Por meio de vale impresso a ser retirado nas ag\u00eancias da Caixa Econ\u00f4mica Federal ou em lot\u00e9ricas;<\/li>\n<li>Com o cart\u00e3o do Bolsa Fam\u00edlia.<\/li>\n<\/ul>\n<p>A revenda participante dever\u00e1 ter a identidade visual padronizada, com as informa\u00e7\u00f5es do programa.<\/p>\n<p>O valor a ser pago pelo botij\u00e3o ser\u00e1 definido de forma regionalizada pelos minist\u00e9rios de Minas e Energia e da Fazenda, com base em dados da Ag\u00eancia Nacional do Petr\u00f3leo, G\u00e1s Natural e Biocombust\u00edveis (ANP). A diferencia\u00e7\u00e3o do pre\u00e7o por unidade da federa\u00e7\u00e3o considera as varia\u00e7\u00f5es regionais e busca reduzir desigualdades.<\/p>\n<p>\u201c\u00c9 importante destacar que o pre\u00e7o de refer\u00eancia n\u00e3o inclui o frete de entrega do g\u00e1s de cozinha\u201d, informou o governo.<\/p>\n<\/div>\n","protected":false},"excerpt":{"rendered":"<p>O presidente Luiz In\u00e1cio Lula da Silva lan\u00e7ou, nesta quinta-feira (4), o programa G\u00e1s do&#8230;<\/p>\n","protected":false},"author":2,"featured_media":0,"comment_status":"","ping_status":"","sticky":false,"template":"","format":"standard","meta":{"footnotes":""},"categories":[2],"tags":[],"class_list":["post-29113","post","type-post","status-publish","format-standard","hentry","category-jogos-ao-vivo"],"amp_enabled":true,"_links":{"self":[{"href":"https:\/\/ipatingafc.com.br\/index.php\/wp-json\/wp\/v2\/posts\/29113","targetHints":{"allow":["GET"]}}],"collection":[{"href":"https:\/\/ipatingafc.com.br\/index.php\/wp-json\/wp\/v2\/posts"}],"about":[{"href":"https:\/\/ipatingafc.com.br\/index.php\/wp-json\/wp\/v2\/types\/post"}],"author":[{"embeddable":true,"href":"https:\/\/ipatingafc.com.br\/index.php\/wp-json\/wp\/v2\/users\/2"}],"replies":[{"embeddable":true,"href":"https:\/\/ipatingafc.com.br\/index.php\/wp-json\/wp\/v2\/comments?post=29113"}],"version-history":[{"count":0,"href":"https:\/\/ipatingafc.com.br\/index.php\/wp-json\/wp\/v2\/posts\/29113\/revisions"}],"wp:attachment":[{"href":"https:\/\/ipatingafc.com.br\/index.php\/wp-json\/wp\/v2\/media?parent=29113"}],"wp:term":[{"taxonomy":"category","embeddable":true,"href":"https:\/\/ipatingafc.com.br\/index.php\/wp-json\/wp\/v2\/categories?post=29113"},{"taxonomy":"post_tag","embeddable":true,"href":"https:\/\/ipatingafc.com.br\/index.php\/wp-json\/wp\/v2\/tags?post=29113"}],"curies":[{"name":"wp","href":"https:\/\/api.w.org\/{rel}","templated":true}]}}