{"id":29115,"date":"2025-09-04T15:45:36","date_gmt":"2025-09-04T18:45:36","guid":{"rendered":"https:\/\/ipatingafc.com.br\/index.php\/2025\/09\/04\/terminam-dia-10-as-inscricoes-para-58-vagas-temporarias-do-ibge\/"},"modified":"2025-09-04T15:45:36","modified_gmt":"2025-09-04T18:45:36","slug":"terminam-dia-10-as-inscricoes-para-58-vagas-temporarias-do-ibge","status":"publish","type":"post","link":"https:\/\/ipatingafc.com.br\/index.php\/2025\/09\/04\/terminam-dia-10-as-inscricoes-para-58-vagas-temporarias-do-ibge\/","title":{"rendered":"Terminam dia 10 as inscri\u00e7\u00f5es para 58 vagas tempor\u00e1rias do IBGE"},"content":{"rendered":"<p><\/p>\n<div wp_automatic_readability=\"67.899089726918\">\n<p>Os interessados em concorrer a uma das 58 vagas do cargo de agente de pesquisas e mapeamento do Instituto Brasileiro de Geografia e Estat\u00edstica (IBGE) t\u00eam at\u00e9 as 17h da pr\u00f3xima quarta-feira (10) para se inscrever no processo seletivo simplificado. <strong>As inscri\u00e7\u00f5es s\u00e3o gratuitas e devem ser feitas apenas de forma presencial em um posto do IBGE.<\/strong><\/p>\n<p>De acordo com o edital, as vagas est\u00e3o distribu\u00eddas em 28 munic\u00edpios:\u00a0 \u00a0 \u00a0<\/p>\n<ul>\n<li>\u00a0 \u00a0 \u00a0\u00a0Esp\u00edrito Santo: Colatina (3); S\u00e3o Mateus (1);<\/li>\n<li>\u00a0\u00a0\u00a0\u00a0\u00a0 Minas Gerais: Cambu\u00ed (2), Divin\u00f3polis (2), Patroc\u00ednio (2), Paracatu (2);<\/li>\n<li>\u00a0\u00a0\u00a0\u00a0\u00a0 Mato Grosso: Sinop (2);<\/li>\n<li>\u00a0\u00a0\u00a0\u00a0\u00a0 Mato Grosso do Sul: Aquidauana (1), Ponta Por\u00e3 (1), Nova Andradina (1);<\/li>\n<li>\u00a0 \u00a0 \u00a0 Paran\u00e1: Arapongas (2), Assis Chateaubriand (2), Jaguariaiva (1), Pitanga (1), Rio Negro (1), Santo Ant\u00f4nio da Platina (1), S\u00e3o Jos\u00e9 dos Pinhais (2), S\u00e3o Mateus do Sul (1), Tel\u00eamaco Borba (1);<\/li>\n<li>\u00a0\u00a0\u00a0\u00a0\u00a0 Santa Catarina: Florian\u00f3polis (8), Itaja\u00ed (1), Lages (5), S\u00e3o Miguel do Oeste (5);<\/li>\n<li>\u00a0\u00a0\u00a0\u00a0\u00a0 S\u00e3o Paulo: Ara\u00e7atuba (2), Itu (2), Rio Claro (2), S\u00e3o Carlos (2), S\u00e3o Jos\u00e9 do Rio Pardo (2).<\/li>\n<\/ul>\n<p>Candidatos autodeclarados pretos e pardos e pessoas com defici\u00eancia (PCD) podem concorrer em reserva de vagas, conforme a legisla\u00e7\u00e3o brasileira.<\/p>\n<p><strong>Governo lan\u00e7a programa para distribuir g\u00e1s a 15,5 milh\u00f5es de fam\u00edlias<\/strong><\/p>\n<p><strong>PP e Uni\u00e3o saem do governo para herdar voto bolsonarista, diz analista<\/strong><\/p>\n<h2>Inscri\u00e7\u00f5es<\/h2>\n<p><strong>As inscri\u00e7\u00f5es dever\u00e3o ser feitas apenas de forma presencial, em um posto de inscri\u00e7\u00e3o vinculado \u00e0 vaga, conforme os endere\u00e7os apontados no edital, para mais de uma localidade, entre as listadas.<\/strong><\/p>\n<p>No ato de inscri\u00e7\u00e3o, deve ser entregue apenas o formul\u00e1rio, dispon\u00edvel no edital, devidamente preenchido e assinado.<\/p>\n<p><strong>Os candidatos com defici\u00eancia devem entregar, junto com o formul\u00e1rio de inscri\u00e7\u00e3o, o laudo m\u00e9dico que ateste a condi\u00e7\u00e3o relatada.<\/strong><\/p>\n<h2>Requisitos<\/h2>\n<p>O pr\u00e9-requisito para a fun\u00e7\u00e3o de Agente de Pesquisas e Mapeamento \u00e9 o ensino m\u00e9dio completo, idade m\u00ednima de 18 anos completos, na data de contrata\u00e7\u00e3o, e ter nacionalidade brasileira ou portuguesa.<\/p>\n<p><strong>Jovem de 22 anos se despede nas redes sociais horas antes de tirar a pr\u00f3pria vida<\/strong><\/p>\n<p><strong>Programa\u00e7\u00e3o do Dia da Amaz\u00f4nia mobiliza para COP30<\/strong><\/p>\n<p><strong>Os contratos tempor\u00e1rios ter\u00e3o vig\u00eancia de 30 dias, podendo ser sucessivamente prorrogados por igual per\u00edodo at\u00e9 o contrato atingir a dura\u00e7\u00e3o de 1 ano.<\/strong><\/p>\n<p>As renova\u00e7\u00f5es e rescis\u00f5es dos contratos estar\u00e3o condicionadas ao cronograma da coleta de dados e \u00e0 avalia\u00e7\u00e3o de desempenho individual do contratado. Al\u00e9m da necessidade do trabalho do IBGE, a vig\u00eancia dos contratos tempor\u00e1rios depender\u00e1 da disponibilidade de recursos or\u00e7ament\u00e1rios.<\/p>\n<p><strong>A remunera\u00e7\u00e3o mensal do agente de pesquisas e mapeamento ser\u00e1 de R$ 2.676,24, com o aux\u00edlio alimenta\u00e7\u00e3o no valor de R$ 1 mil, acrescido de aux\u00edlio transporte e aux\u00edlio pr\u00e9-escolar, quando for o caso.<\/strong><\/p>\n<p><strong>Cronograma:<\/strong><\/p>\n<ul>\n<li>\u00a0\u00a0\u00a0\u00a0\u00a0 per\u00edodo de inscri\u00e7\u00f5es presenciais: 1 a 10 de setembro (das 08h \u00e0s 17h);<\/li>\n<li>\u00a0 \u00a0 \u00a0 divulga\u00e7\u00e3o da rela\u00e7\u00e3o preliminar dos candidatos inscritos [ampla concorr\u00eancia (AC), pessoas com defici\u00eancia (PCD) e pessoas pretas e pretas (PPP): 16 de setembro;<\/li>\n<li>\u00a0\u00a0\u00a0\u00a0\u00a0 interposi\u00e7\u00e3o de recursos contra a rela\u00e7\u00e3o preliminar dos candidatos inscritos (AC, PCD e PPP): 17 e 18 de setembro;<\/li>\n<li>\u00a0\u00a0\u00a0\u00a0 divulga\u00e7\u00e3o da rela\u00e7\u00e3o definitiva dos candidatos inscritos: 22 de setembro;<\/li>\n<li>\u00a0 \u00a0 \u00a0divulga\u00e7\u00e3o do resultado preliminar da an\u00e1lise de t\u00edtulos e do parecer da equipe multiprofissional: 22 de setembro;<\/li>\n<li>\u00a0 \u00a0 \u00a0interposi\u00e7\u00e3o de recursos contra o resultado preliminar da an\u00e1lise de t\u00edtulos e o parecer da equipe multiprofissional: 23 e 24 de setembro.<\/li>\n<\/ul>\n<p><strong>A divulga\u00e7\u00e3o do resultado final do processo seletivo est\u00e1 prevista para 26 de setembro.<\/strong><\/p>\n<p>Mais detalhes podem ser encontrados no edital.<\/p>\n<\/div>\n","protected":false},"excerpt":{"rendered":"<p>Os interessados em concorrer a uma das 58 vagas do cargo de agente de pesquisas&#8230;<\/p>\n","protected":false},"author":2,"featured_media":0,"comment_status":"","ping_status":"","sticky":false,"template":"","format":"standard","meta":{"footnotes":""},"categories":[2],"tags":[],"class_list":["post-29115","post","type-post","status-publish","format-standard","hentry","category-jogos-ao-vivo"],"amp_enabled":true,"_links":{"self":[{"href":"https:\/\/ipatingafc.com.br\/index.php\/wp-json\/wp\/v2\/posts\/29115","targetHints":{"allow":["GET"]}}],"collection":[{"href":"https:\/\/ipatingafc.com.br\/index.php\/wp-json\/wp\/v2\/posts"}],"about":[{"href":"https:\/\/ipatingafc.com.br\/index.php\/wp-json\/wp\/v2\/types\/post"}],"author":[{"embeddable":true,"href":"https:\/\/ipatingafc.com.br\/index.php\/wp-json\/wp\/v2\/users\/2"}],"replies":[{"embeddable":true,"href":"https:\/\/ipatingafc.com.br\/index.php\/wp-json\/wp\/v2\/comments?post=29115"}],"version-history":[{"count":0,"href":"https:\/\/ipatingafc.com.br\/index.php\/wp-json\/wp\/v2\/posts\/29115\/revisions"}],"wp:attachment":[{"href":"https:\/\/ipatingafc.com.br\/index.php\/wp-json\/wp\/v2\/media?parent=29115"}],"wp:term":[{"taxonomy":"category","embeddable":true,"href":"https:\/\/ipatingafc.com.br\/index.php\/wp-json\/wp\/v2\/categories?post=29115"},{"taxonomy":"post_tag","embeddable":true,"href":"https:\/\/ipatingafc.com.br\/index.php\/wp-json\/wp\/v2\/tags?post=29115"}],"curies":[{"name":"wp","href":"https:\/\/api.w.org\/{rel}","templated":true}]}}