{"id":29117,"date":"2025-09-04T16:27:28","date_gmt":"2025-09-04T19:27:28","guid":{"rendered":"https:\/\/ipatingafc.com.br\/index.php\/2025\/09\/04\/lula-pede-mobilizacao-popular-contra-aprovacao-do-projeto-da-anistia\/"},"modified":"2025-09-04T16:27:28","modified_gmt":"2025-09-04T19:27:28","slug":"lula-pede-mobilizacao-popular-contra-aprovacao-do-projeto-da-anistia","status":"publish","type":"post","link":"https:\/\/ipatingafc.com.br\/index.php\/2025\/09\/04\/lula-pede-mobilizacao-popular-contra-aprovacao-do-projeto-da-anistia\/","title":{"rendered":"Lula pede mobiliza\u00e7\u00e3o popular contra aprova\u00e7\u00e3o do projeto da anistia"},"content":{"rendered":"<p><\/p>\n<div wp_automatic_readability=\"88.535107272221\">\n<p>O presidente Luiz In\u00e1cio Lula da Silva afirmou, nesta quinta-feira (4), que caso o projeto da anistia seja votado no Congresso, h\u00e1 \u201crisco\u201d de que seja aprovado. <strong>Em encontro com comunicadores e influenciadores de redes perif\u00e9ricas, Lula disse que a mobiliza\u00e7\u00e3o contra a aprova\u00e7\u00e3o do texto tamb\u00e9m tem que ser feita pelo povo.<\/strong><\/p>\n<blockquote wp_automatic_readability=\"12\">\n<p>\u201cSe for votar no Congresso, n\u00f3s corremos o risco da anistia. Porque o Congresso, voc\u00eas sabem, n\u00e3o \u00e9 um Congresso eleito pela periferia\u201d, disse durante visita \u00e0 comunidade Aglomerado da Serra, em Belo Horizonte (MG).<\/p>\n<\/blockquote>\n<p><strong>Segundo Lula, a extrema direita ainda tem muita for\u00e7a no Congresso Nacional.\u00a0<\/strong><\/p>\n<p><strong>Terminam dia 10 as inscri\u00e7\u00f5es para 58 vagas tempor\u00e1rias do IBGE<\/strong><\/p>\n<p><strong>Governo lan\u00e7a programa para distribuir g\u00e1s a 15,5 milh\u00f5es de fam\u00edlias<\/strong><\/p>\n<blockquote wp_automatic_readability=\"15\">\n<p>\u201cO Congresso tem ajudado o governo, o governo aprovou quase tudo que o governo queria, mas a extrema direita tem muita for\u00e7a ainda. Ent\u00e3o, \u00e9 uma batalha que tem que ser feita tamb\u00e9m pelo povo. Ent\u00e3o, o que eu queria pedir a voc\u00eas \u00e9 isso, \u00e9 que voc\u00eas t\u00eam um compromisso. Da mesma forma que eu disse o seguinte: o Brasil s\u00f3 tem um dono que \u00e9 o povo brasileiro, as comunidades tem o melhor representante que s\u00e3o voc\u00eas\u201d, acrescentou Lula aos apoiadores.<\/p>\n<\/blockquote>\n<p>O projeto de lei da anistia defendido pela oposi\u00e7\u00e3o, liderada pelo Partido Liberal (PL), perdoa os condenados pelos atos golpistas do dia 8 de janeiro de 2023, incluindo os financiadores, incentivadores e organizadores. <strong>Se aprovada, a lei pode beneficiar o ex-presidente Jair Bolsonaro, que \u00e9 r\u00e9u no Supremo Tribunal Federal (STF) por tentativa de golpe de Estado, por estar entre as principais cabe\u00e7as por tr\u00e1s da trama golpista.\u00a0<\/strong><\/p>\n<p>Entretanto, o pr\u00f3prio STF j\u00e1 considerou inconstitucional a anistia por crimes contra a ordem democr\u00e1tica, na decis\u00e3o que anulou o indulto concedido ao ex-deputado Daniel Silveira pelo ent\u00e3o presidente Jair Bolsonaro. Ele foi condenado, em abril de 2022, pelos crimes de tentativa de impedir o livre exerc\u00edcio dos Poderes e coa\u00e7\u00e3o no curso do processo. Em 2020 e 2021, por meio das redes sociais, Silveira\u00a0 incitou \u00e0 invas\u00e3o da Corte e sugeriu agress\u00f5es f\u00edsicas aos ministros do Supremo.<\/p>\n<h2>Politiza\u00e7\u00e3o<\/h2>\n<p><strong>Para o presidente Lula, o Brasil vive um \u201cmomento de incompreens\u00e3o\u201d e, nesse sentido, \u00e9 preciso politizar as comunidades.\u00a0<\/strong><\/p>\n<p><strong>PP e Uni\u00e3o saem do governo para herdar voto bolsonarista, diz analista<\/strong><\/p>\n<p><strong>Jovem de 22 anos se despede nas redes sociais horas antes de tirar a pr\u00f3pria vida<\/strong><\/p>\n<blockquote wp_automatic_readability=\"9\">\n<p>\u201cAs pessoas precisam ser politizadas. As pessoas precisam ser orientadas sobre o que \u00e9 certo e o que \u00e9 errado. N\u00f3s precisamos combater a fake news. N\u00e3o tem porqu\u00ea a gente deixar que a mentira seja mais importante do que a verdade\u201d, disse aos influenciadores, nesta quinta-feira.<\/p>\n<\/blockquote>\n<p>Ao citar diversas car\u00eancias que ainda existem no pa\u00eds, Lula pediu ajuda ao grupo para divulgar as pol\u00edticas p\u00fablicas para a popula\u00e7\u00e3o. \u201cEu sei essa desgraceira que acontece na periferia e eu quero mudar isso\u201d, afirmou.<\/p>\n<p>\u201cEnt\u00e3o, eu queria a ajuda de voc\u00eas para mudar. N\u00e3o tem problema de reclamar, n\u00e3o tem problema de questionar, falar mal de ministro, falar mal do presidente da Rep\u00fablica. \u00c9 preciso fazer as coisas funcionarem, sen\u00e3o a democracia n\u00e3o tem sentido pro povo. A democracia pro povo \u00e9 comer, \u00e9 estudar, \u00e9 morar, \u00e9 ter acesso \u00e0 cultura, ao lazer, \u00e9 fazer o que quiserem\u201d, acrescentou.<\/p>\n<p><strong>Ap\u00f3s o encontro, em evento na comunidade, Lula lan\u00e7ou o programa G\u00e1s do Povo, que garantir\u00e1 g\u00e1s de cozinha gratuito a fam\u00edlias de baixa renda.<\/strong><\/p>\n<\/div>\n","protected":false},"excerpt":{"rendered":"<p>O presidente Luiz In\u00e1cio Lula da Silva afirmou, nesta quinta-feira (4), que caso o projeto&#8230;<\/p>\n","protected":false},"author":2,"featured_media":0,"comment_status":"","ping_status":"","sticky":false,"template":"","format":"standard","meta":{"footnotes":""},"categories":[2],"tags":[],"class_list":["post-29117","post","type-post","status-publish","format-standard","hentry","category-jogos-ao-vivo"],"amp_enabled":true,"_links":{"self":[{"href":"https:\/\/ipatingafc.com.br\/index.php\/wp-json\/wp\/v2\/posts\/29117","targetHints":{"allow":["GET"]}}],"collection":[{"href":"https:\/\/ipatingafc.com.br\/index.php\/wp-json\/wp\/v2\/posts"}],"about":[{"href":"https:\/\/ipatingafc.com.br\/index.php\/wp-json\/wp\/v2\/types\/post"}],"author":[{"embeddable":true,"href":"https:\/\/ipatingafc.com.br\/index.php\/wp-json\/wp\/v2\/users\/2"}],"replies":[{"embeddable":true,"href":"https:\/\/ipatingafc.com.br\/index.php\/wp-json\/wp\/v2\/comments?post=29117"}],"version-history":[{"count":0,"href":"https:\/\/ipatingafc.com.br\/index.php\/wp-json\/wp\/v2\/posts\/29117\/revisions"}],"wp:attachment":[{"href":"https:\/\/ipatingafc.com.br\/index.php\/wp-json\/wp\/v2\/media?parent=29117"}],"wp:term":[{"taxonomy":"category","embeddable":true,"href":"https:\/\/ipatingafc.com.br\/index.php\/wp-json\/wp\/v2\/categories?post=29117"},{"taxonomy":"post_tag","embeddable":true,"href":"https:\/\/ipatingafc.com.br\/index.php\/wp-json\/wp\/v2\/tags?post=29117"}],"curies":[{"name":"wp","href":"https:\/\/api.w.org\/{rel}","templated":true}]}}