{"id":29119,"date":"2025-09-04T17:13:20","date_gmt":"2025-09-04T20:13:20","guid":{"rendered":"https:\/\/ipatingafc.com.br\/index.php\/2025\/09\/04\/area-de-protecao-ao-ciclismo-de-competicao-apcc-porto-sera-suspensa-no-domingo-07-09\/"},"modified":"2025-09-04T17:13:20","modified_gmt":"2025-09-04T20:13:20","slug":"area-de-protecao-ao-ciclismo-de-competicao-apcc-porto-sera-suspensa-no-domingo-07-09","status":"publish","type":"post","link":"https:\/\/ipatingafc.com.br\/index.php\/2025\/09\/04\/area-de-protecao-ao-ciclismo-de-competicao-apcc-porto-sera-suspensa-no-domingo-07-09\/","title":{"rendered":"\u00c1rea de Prote\u00e7\u00e3o ao Ciclismo de Competi\u00e7\u00e3o (APCC) \u2013 Porto ser\u00e1 suspensa no domingo (07\/09)"},"content":{"rendered":"<p><\/p>\n<p>A CET-Rio informa que a \u00c1rea de Prote\u00e7\u00e3o ao Ciclismo de Competi\u00e7\u00e3o (APCC) Porto &#8211; Circuito Marcos Hama ser\u00e1 suspensa [&#8230;]<\/p>\n<p>O post \u00c1rea de Prote\u00e7\u00e3o ao Ciclismo de Competi\u00e7\u00e3o (APCC) &#8211; Porto ser\u00e1 suspensa no domingo (07\/09) apareceu primeiro em Prefeitura da Cidade do Rio de Janeiro &#8211; prefeitura.rio.<\/p>\n","protected":false},"excerpt":{"rendered":"<p>A CET-Rio informa que a \u00c1rea de Prote\u00e7\u00e3o ao Ciclismo de Competi\u00e7\u00e3o (APCC) Porto &#8211;&#8230;<\/p>\n","protected":false},"author":2,"featured_media":0,"comment_status":"","ping_status":"","sticky":false,"template":"","format":"standard","meta":{"footnotes":""},"categories":[2],"tags":[],"class_list":["post-29119","post","type-post","status-publish","format-standard","hentry","category-jogos-ao-vivo"],"amp_enabled":true,"_links":{"self":[{"href":"https:\/\/ipatingafc.com.br\/index.php\/wp-json\/wp\/v2\/posts\/29119","targetHints":{"allow":["GET"]}}],"collection":[{"href":"https:\/\/ipatingafc.com.br\/index.php\/wp-json\/wp\/v2\/posts"}],"about":[{"href":"https:\/\/ipatingafc.com.br\/index.php\/wp-json\/wp\/v2\/types\/post"}],"author":[{"embeddable":true,"href":"https:\/\/ipatingafc.com.br\/index.php\/wp-json\/wp\/v2\/users\/2"}],"replies":[{"embeddable":true,"href":"https:\/\/ipatingafc.com.br\/index.php\/wp-json\/wp\/v2\/comments?post=29119"}],"version-history":[{"count":0,"href":"https:\/\/ipatingafc.com.br\/index.php\/wp-json\/wp\/v2\/posts\/29119\/revisions"}],"wp:attachment":[{"href":"https:\/\/ipatingafc.com.br\/index.php\/wp-json\/wp\/v2\/media?parent=29119"}],"wp:term":[{"taxonomy":"category","embeddable":true,"href":"https:\/\/ipatingafc.com.br\/index.php\/wp-json\/wp\/v2\/categories?post=29119"},{"taxonomy":"post_tag","embeddable":true,"href":"https:\/\/ipatingafc.com.br\/index.php\/wp-json\/wp\/v2\/tags?post=29119"}],"curies":[{"name":"wp","href":"https:\/\/api.w.org\/{rel}","templated":true}]}}