{"id":29125,"date":"2025-09-04T19:34:21","date_gmt":"2025-09-04T22:34:21","guid":{"rendered":"https:\/\/ipatingafc.com.br\/index.php\/2025\/09\/04\/sorocaba-anuncia-implantacao-de-semaforos-inteligentes-em-corredores-do-sistema-brt-agencia-de-noticias\/"},"modified":"2025-09-04T19:34:21","modified_gmt":"2025-09-04T22:34:21","slug":"sorocaba-anuncia-implantacao-de-semaforos-inteligentes-em-corredores-do-sistema-brt-agencia-de-noticias","status":"publish","type":"post","link":"https:\/\/ipatingafc.com.br\/index.php\/2025\/09\/04\/sorocaba-anuncia-implantacao-de-semaforos-inteligentes-em-corredores-do-sistema-brt-agencia-de-noticias\/","title":{"rendered":"Sorocaba anuncia implanta\u00e7\u00e3o de sem\u00e1foros \u201cinteligentes\u201d em corredores do sistema BRT \u2013 Ag\u00eancia de Not\u00edcias"},"content":{"rendered":"<p><\/p>\n<div wp_automatic_readability=\"168.66324786325\">\n<p>\u00a0<\/p>\n<\/p>\n<p>Sorocaba anunciou, durante a 93\u00aa Reuni\u00e3o do F\u00f3rum Paulista de Secret\u00e1rios e Dirigentes P\u00fablicos de Mobilidade Urbana, nesta quinta-feira (4) na cidade, a implanta\u00e7\u00e3o de sem\u00e1foros \u201cinteligentes\u201d em corredores do Sistema BRT. A iniciativa ser\u00e1 viabilizada a partir de contrato de financiamento assinado na ocasi\u00e3o, entre a Prefeitura de Sorocaba, o Minist\u00e9rio das Cidades e a Caixa Econ\u00f4mica Federal (CEF), como parte do programa Novo Plano de Acelera\u00e7\u00e3o da Economia (PAC).<\/p>\n<p>Os dispositivos come\u00e7am a ser instalados j\u00e1 neste ano, com o objetivo de aumentar a efici\u00eancia do sistema BRT, garantindo melhor fluxo do tr\u00e1fego de ve\u00edculos. O investimento previsto \u00e9 de R$ 26,3 milh\u00f5es. A nova tecnologia de sem\u00e1foros \u201cinteligentes\u201d \u00e9 aquela em que a mudan\u00e7a do tempo de abertura e fechamento \u00e9 feita automaticamente, ou seja, somente com base na mensura\u00e7\u00e3o do tr\u00e2nsito pelo pr\u00f3prio equipamento, sem a necessidade de operador.<\/p>\n<p>\u201cDessa forma estamos priorizando investimentos para a melhoria do transporte p\u00fablico, o que \u00e9 uma tend\u00eancia nas grandes cidades, de maneira a melhorar a efici\u00eancia do servi\u00e7o e a seguran\u00e7a do sistema, assim como reduzindo o tempo de viagens\u201d, destacou o prefeito Rodrigo Manga, durante o evento, que prossegue at\u00e9 sexta-feira (5), voltado a profissionais que atuam nas esferas municipal, estadual e federal, al\u00e9m de especialistas e representantes entidades e associa\u00e7\u00f5es ligadas ao segmento de mobilidade urbana.<\/p>\n<p>O contrato foi viabilizado pela Secretaria de Parcerias, com o apoio t\u00e9cnico da Secretaria de Mobilidade (Semob), para os estudos de viabilidade e implementa\u00e7\u00e3o da iniciativa. Atualmente, Sorocaba possui cerca de 400 cruzamentos semaforizados, em que a mudan\u00e7a do tempo de abertura e fechamento \u00e9 poss\u00edvel remotamente, conforme a demanda de usu\u00e1rios, pela equipe do Centro de Controle Operacional Integrado (CCOI).<\/p>\n<p>\u201cEsse sistema que funcionar\u00e1 em Sorocaba j\u00e1 existe em Goi\u00e2nia e simboliza um avan\u00e7o na mobilidade\u201d, apontou o secret\u00e1rio Nacional de Mobilidade Urbana, do Minist\u00e9rio das Cidades, Denis Eduardo Andia. Ele tamb\u00e9m assinou o contrato, junto do prefeito de Sorocaba e do superintendente de rede da CEF, Jos\u00e9 Roberto Soriano.<\/p>\n<p><strong>Mais investimentos<\/strong><br \/>Ainda durante a Reuni\u00e3o do F\u00f3rum Paulista, Rodrigo Manga lembrou que Sorocaba j\u00e1 havia sido contemplada pelo Novo PAC para a aquisi\u00e7\u00e3o de 50 \u00f4nibus novos zero quil\u00f4metros, 100% el\u00e9tricos. O processo est\u00e1 em tr\u00e2mite, para oficializa\u00e7\u00e3o da libera\u00e7\u00e3o do repasse financeiro, para aquisi\u00e7\u00e3o e entrega da frota, sem data ainda definida. Todas as etapas do processo est\u00e3o encabe\u00e7adas pelo Minist\u00e9rio de Desenvolvimento Regional (MDR).<\/p>\n<p>Por sua vez, a Separ e a Semob confirmaram que Sorocaba ainda recebeu autoriza\u00e7\u00e3o de financiamento, via Novo PAC Sele\u00e7\u00f5es 2025, para viabilizar a implanta\u00e7\u00e3o do eixo Norte-Zona Industrial do BRT, assim como para investimento na amplia\u00e7\u00e3o e revitaliza\u00e7\u00e3o de ciclovias. \u201cAs propostas j\u00e1 foram consideradas aptas \u00e0 an\u00e1lise de opera\u00e7\u00f5es de cr\u00e9dito, prosseguindo o processo para obten\u00e7\u00e3o dos recursos em \u00e2mbito federal\u201d, frisou Jessica Pedrosa, da Separ, tamb\u00e9m durante o evento.<\/p>\n<p>\u201cSomadas, todas essas medidas s\u00e3o vantajosas para o Munic\u00edpio que, al\u00e9m de ser um dos pioneiros na operacionaliza\u00e7\u00e3o de \u00f4nibus el\u00e9trico, o que \u00e9 bom para o meio ambiente e implica em redu\u00e7\u00e3o de custos na opera\u00e7\u00e3o do transporte coletivo. Somente pelo BRT, desde que come\u00e7ou a operar, h\u00e1 cinco anos, s\u00e3o mais 80 milh\u00f5es de pessoas atendidas\u201d, apontou o diretor-presidente da Urbes \u2013 Tr\u00e2nsito e Transportes, Adriano Brasil.<\/p>\n<p><strong>F\u00f3rum Paulista<\/strong><br \/>A 93\u00aa Reuni\u00e3o do F\u00f3rum Paulista de Secret\u00e1rios e Dirigentes P\u00fablicos de Mobilidade Urbana acontece no Espa\u00e7o de Eventos Floresta. A iniciativa \u00e9 uma realiza\u00e7\u00e3o da Coordena\u00e7\u00e3o Executiva do F\u00f3rum Paulista de Secret\u00e1rios e Dirigentes P\u00fablicos de Mobilidade Urbana, que nesta edi\u00e7\u00e3o tem o apoio da Prefeitura de Sorocaba, por meio da Semob e da Urbes.<\/p>\n<p>\u201cRegistramos recorde de p\u00fablico nesta reuni\u00e3o em Sorocaba. S\u00e3o mais de 400 participantes inscritos, com representantes de mais de 70 cidades. Sorocaba foi exatamente escolhida como sede por ser exemplo e modelo, para todo o Brasil, na oferta de transporte p\u00fablico de qualidade. A operacionaliza\u00e7\u00e3o do BRT aqui \u00e9 um sucesso\u201d, disse o presidente do F\u00f3rum Paulista, Marcelo Santos Galli.<\/p>\n<p>Por sua vez, o secret\u00e1rio da Semob, Carlos Eduardo Paschoini, enalteceu a import\u00e2ncia do evento, como troca de experi\u00eancias entre os participantes, sendo vitrine para a apresenta\u00e7\u00e3o de casos de destaque e novas tecnologias em mobilidade urbana. \u201cO objetivo sempre \u00e9 propiciar a\u00e7\u00f5es que melhorem a qualidade da vida da popula\u00e7\u00e3o\u201d, complementou.<\/p>\n<p>A solenidade de abertura do F\u00f3rum contou ainda com a presen\u00e7a do presidente da C\u00e2mara Municipal de Sorocaba, Lu\u00eds Santos; dos secret\u00e1rios municipais de Sorocaba, Lucas Pedrozo (Comunica\u00e7\u00e3o) e Evandro Bueno (Gabinete Central e Ouvidoria-Geral); do diretor-geral da Associa\u00e7\u00e3o Latino Am\u00e9rica de Ferrovias (Alaf), Jean Carlos Pejo; da diretora de seguran\u00e7a Vi\u00e1ria do Departamento Estadual de Tr\u00e2nsito (Detran\/SP), Roberta dos Reis Mantovani; do secret\u00e1rio-executivo da Secretaria de Estado de Transportes Metropolitanos de S\u00e3o Paulo, Manoel Marcos Botelho; do diretor-executivo da Associa\u00e7\u00e3o Nacional das Empresas Operadoras de Transporte Coletivo Urbano, Francisco Christovan; do gerente da CEF em Sorocaba, Carlos Pompeu, e do superintendente-executivo de Governo da CEF na Baixada Santista, C\u00e1ssio Richter J\u00fanior.<\/p>\n<p>A reuni\u00e3o do F\u00f3rum Paulista conta com infraestrutura diferenciada, sendo que tamb\u00e9m s\u00e3o comemorados os cinco anos do BRT Sorocaba. A programa\u00e7\u00e3o do evento est\u00e1 dispon\u00edvel no site: https:\/\/www.mobilidadeurbanaassessoria.com.br\/.<\/p>\n<p><!-- Root element of PhotoSwipe. Must have class pswp. --><\/p><\/div>\n","protected":false},"excerpt":{"rendered":"<p>\u00a0 Sorocaba anunciou, durante a 93\u00aa Reuni\u00e3o do F\u00f3rum Paulista de Secret\u00e1rios e Dirigentes P\u00fablicos&#8230;<\/p>\n","protected":false},"author":2,"featured_media":0,"comment_status":"","ping_status":"","sticky":false,"template":"","format":"standard","meta":{"footnotes":""},"categories":[2],"tags":[],"class_list":["post-29125","post","type-post","status-publish","format-standard","hentry","category-jogos-ao-vivo"],"amp_enabled":true,"_links":{"self":[{"href":"https:\/\/ipatingafc.com.br\/index.php\/wp-json\/wp\/v2\/posts\/29125","targetHints":{"allow":["GET"]}}],"collection":[{"href":"https:\/\/ipatingafc.com.br\/index.php\/wp-json\/wp\/v2\/posts"}],"about":[{"href":"https:\/\/ipatingafc.com.br\/index.php\/wp-json\/wp\/v2\/types\/post"}],"author":[{"embeddable":true,"href":"https:\/\/ipatingafc.com.br\/index.php\/wp-json\/wp\/v2\/users\/2"}],"replies":[{"embeddable":true,"href":"https:\/\/ipatingafc.com.br\/index.php\/wp-json\/wp\/v2\/comments?post=29125"}],"version-history":[{"count":0,"href":"https:\/\/ipatingafc.com.br\/index.php\/wp-json\/wp\/v2\/posts\/29125\/revisions"}],"wp:attachment":[{"href":"https:\/\/ipatingafc.com.br\/index.php\/wp-json\/wp\/v2\/media?parent=29125"}],"wp:term":[{"taxonomy":"category","embeddable":true,"href":"https:\/\/ipatingafc.com.br\/index.php\/wp-json\/wp\/v2\/categories?post=29125"},{"taxonomy":"post_tag","embeddable":true,"href":"https:\/\/ipatingafc.com.br\/index.php\/wp-json\/wp\/v2\/tags?post=29125"}],"curies":[{"name":"wp","href":"https:\/\/api.w.org\/{rel}","templated":true}]}}