{"id":29130,"date":"2025-09-04T21:14:20","date_gmt":"2025-09-05T00:14:20","guid":{"rendered":"https:\/\/ipatingafc.com.br\/index.php\/2025\/09\/04\/motta-afirma-que-nao-ha-definicao-sobre-o-projeto-da-anistia\/"},"modified":"2025-09-04T21:14:20","modified_gmt":"2025-09-05T00:14:20","slug":"motta-afirma-que-nao-ha-definicao-sobre-o-projeto-da-anistia","status":"publish","type":"post","link":"https:\/\/ipatingafc.com.br\/index.php\/2025\/09\/04\/motta-afirma-que-nao-ha-definicao-sobre-o-projeto-da-anistia\/","title":{"rendered":"Motta afirma que n\u00e3o h\u00e1 defini\u00e7\u00e3o sobre o projeto da anistia"},"content":{"rendered":"<p><\/p>\n<div wp_automatic_readability=\"77.885714285714\">\n<p>O presidente da C\u00e2mara dos Deputados, Hugo Motta, afirmou que ainda <strong>n\u00e3o h\u00e1 defini\u00e7\u00e3o sobre a inclus\u00e3o, na pauta do Plen\u00e1rio, do projeto que concede anistia aos acusados de golpe de Estado<\/strong>.<\/p>\n<blockquote wp_automatic_readability=\"7\">\n<p>\u201cEstamos muito tranquilos em rela\u00e7\u00e3o a essa pauta. Estamos sempre ouvindo os l\u00edderes que t\u00eam interesse e os que s\u00e3o contr\u00e1rios\u201d, disse Motta.<\/p>\n<\/blockquote>\n<p>J\u00e1 o presidente do Senado, Davi Alcolumbre (Uni\u00e3o-AP), afirmou\u00a0nesta semana ser contr\u00e1rio a uma anistia ampla e geral, como defende o PL, partido do ex-presidente. Ele informou que deve apresentar um texto alternativo sobre o tema.<\/p>\n<p><strong>Crimes de Maio ainda podem ser indenizados, vota relator no STJ<\/strong><\/p>\n<p><strong>Ap\u00f3s quebrar dente, Braga Netto pede autoriza\u00e7\u00e3o para fazer exames<\/strong><\/p>\n<p>O projeto de lei da anistia\u00a0defendido pela oposi\u00e7\u00e3o, liderada pelo Partido Liberal (PL), perdoa os condenados pelos atos golpistas do dia 8 de janeiro de 2023, incluindo os financiadores, incentivadores e organizadores.\u00a0<\/p>\n<p>A anistia aos condenados pelos ataques \u00e0s sedes dos Tr\u00eas Poderes voltou ao centro das discuss\u00f5es no Congresso com o in\u00edcio do julgamento, no Supremo Tribunal Federal (STF), do ex-presidente Jair Bolsonaro (PL) por tentativa de golpe de Estado.\u00a0Se aprovada, a lei pode beneficiar o ex-presidente.\u00a0<\/p>\n<p>A Procuradoria-Geral da Rep\u00fablica (PGR) acusa o ex-presidente de liderar uma tentativa de golpe com previs\u00e3o de planos de assassinatos do candidato eleito, Luiz In\u00e1cio Lula da Silva, e seu vice, Geraldo Alckmin, al\u00e9m do ministro do STF Alexandre de Moraes.<\/p>\n<p>Outros sete aliados do pol\u00edtico tamb\u00e9m est\u00e3o sendo julgados, entre eles, o ex-ministro da Defesa Paulo Nogueira Batista;\u00a0o ex-comandante da Marinha\u00a0almirante Almir Garnier;\u00a0o ex-ministro do Gabinete de Seguran\u00e7a Institucional (GSI)\u00a0Augusto Heleno;\u00a0e o vice na chapa perdedora da elei\u00e7\u00e3o de 2022, o general Walter Braga Netto.<\/p>\n<p><strong>Financiamentos de motos crescem 10,3%; carros e caminh\u00f5es t\u00eam queda<\/strong><\/p>\n<p><strong>Construindo confian\u00e7a ap\u00f3s um desentendimento<\/strong><\/p>\n<p>Os r\u00e9us respondem no Supremo pelos crimes de organiza\u00e7\u00e3o criminosa armada, <strong>tentativa de aboli\u00e7\u00e3o violenta do Estado Democr\u00e1tico de Direito<\/strong>, golpe de Estado, dano qualificado pela viol\u00eancia e grave amea\u00e7a e deteriora\u00e7\u00e3o de patrim\u00f4nio tombado.<\/p>\n<p>A \u00fanica exce\u00e7\u00e3o diz respeito ao\u00a0ex-diretor da Abin Alexandre Ramagem, que, atualmente, \u00e9 deputado federal.\u00a0Ele foi beneficiado com a suspens\u00e3o de parte das acusa\u00e7\u00f5es e\u00a0responde somente a tr\u00eas dos cinco crimes.\u00a0<\/p>\n<p>Todos os r\u00e9us\u00a0negam as acusa\u00e7\u00f5es.<\/p>\n<p>Na avalia\u00e7\u00e3o de especialistas e juristas ouvidos pela <strong>Ag\u00eancia Brasil,<\/strong>\u00a0anistiar crimes contra o Estado Democr\u00e1tico de Direito pode ser considerado\u00a0inconstitucional.\u00a0<\/p>\n<p>\u00a0<\/p>\n<p><em>*Com informa\u00e7\u00f5es da Ag\u00eancia C\u00e2mara<\/em><\/p>\n<\/div>\n","protected":false},"excerpt":{"rendered":"<p>O presidente da C\u00e2mara dos Deputados, Hugo Motta, afirmou que ainda n\u00e3o h\u00e1 defini\u00e7\u00e3o sobre&#8230;<\/p>\n","protected":false},"author":2,"featured_media":0,"comment_status":"","ping_status":"","sticky":false,"template":"","format":"standard","meta":{"footnotes":""},"categories":[2],"tags":[],"class_list":["post-29130","post","type-post","status-publish","format-standard","hentry","category-jogos-ao-vivo"],"amp_enabled":true,"_links":{"self":[{"href":"https:\/\/ipatingafc.com.br\/index.php\/wp-json\/wp\/v2\/posts\/29130","targetHints":{"allow":["GET"]}}],"collection":[{"href":"https:\/\/ipatingafc.com.br\/index.php\/wp-json\/wp\/v2\/posts"}],"about":[{"href":"https:\/\/ipatingafc.com.br\/index.php\/wp-json\/wp\/v2\/types\/post"}],"author":[{"embeddable":true,"href":"https:\/\/ipatingafc.com.br\/index.php\/wp-json\/wp\/v2\/users\/2"}],"replies":[{"embeddable":true,"href":"https:\/\/ipatingafc.com.br\/index.php\/wp-json\/wp\/v2\/comments?post=29130"}],"version-history":[{"count":0,"href":"https:\/\/ipatingafc.com.br\/index.php\/wp-json\/wp\/v2\/posts\/29130\/revisions"}],"wp:attachment":[{"href":"https:\/\/ipatingafc.com.br\/index.php\/wp-json\/wp\/v2\/media?parent=29130"}],"wp:term":[{"taxonomy":"category","embeddable":true,"href":"https:\/\/ipatingafc.com.br\/index.php\/wp-json\/wp\/v2\/categories?post=29130"},{"taxonomy":"post_tag","embeddable":true,"href":"https:\/\/ipatingafc.com.br\/index.php\/wp-json\/wp\/v2\/tags?post=29130"}],"curies":[{"name":"wp","href":"https:\/\/api.w.org\/{rel}","templated":true}]}}