{"id":29134,"date":"2025-09-04T22:42:24","date_gmt":"2025-09-05T01:42:24","guid":{"rendered":"https:\/\/ipatingafc.com.br\/index.php\/2025\/09\/04\/profissionais-da-saude-participam-de-encontros-para-discutir-fiscalizacao-e-risco-sanitario-sob-otica-da-gestao-agencia-de-noticias\/"},"modified":"2025-09-04T22:42:24","modified_gmt":"2025-09-05T01:42:24","slug":"profissionais-da-saude-participam-de-encontros-para-discutir-fiscalizacao-e-risco-sanitario-sob-otica-da-gestao-agencia-de-noticias","status":"publish","type":"post","link":"https:\/\/ipatingafc.com.br\/index.php\/2025\/09\/04\/profissionais-da-saude-participam-de-encontros-para-discutir-fiscalizacao-e-risco-sanitario-sob-otica-da-gestao-agencia-de-noticias\/","title":{"rendered":"Profissionais da sa\u00fade participam de encontros para discutir fiscaliza\u00e7\u00e3o e risco sanit\u00e1rio sob \u00f3tica da gest\u00e3o \u2013 Ag\u00eancia de Not\u00edcias"},"content":{"rendered":"<p><\/p>\n<div wp_automatic_readability=\"31\">\n<div class=\"col\" wp_automatic_readability=\"7\">\n<p class=\"mt-0\">\n                        <strong><br \/>\n                            <span class=\"far fa-calendar mr-1 mt-2\"\/><br \/>\n                            4 de setembro de 2025<br \/>\n                            <span class=\"far fa-clock ml-3 mt-2\"\/><br \/>\n                            17:59<br \/>\n                        <\/strong>\n                    <\/p>\n<p class=\"mb-0\">Por: <strong>Bruno Rodrigues<\/strong><\/p>\n<\/p><\/div>\n<\/p><\/div>\n<div wp_automatic_readability=\"80\">\n<p align=\"center\">\n<p align=\"justify\"><em><strong>Fotos: Michelle Alves (Secom\/Sorocaba)<\/strong><\/em><\/p>\n<p align=\"justify\"><span style=\"font-family: Arial, sans-serif;\"><span style=\"font-size: medium;\">A Secretaria Municipal da Sa\u00fade (SES) promoveu, nos dias 2 e 4 de setembro, no audit\u00f3rio da Biblioteca Municipal <span style=\"color: #171717;\">\u201c<\/span><span style=\"color: #171717;\">Jorge Guilherme <\/span><span style=\"color: #171717;\">Senger<\/span><span style=\"color: #171717;\">\u201d, <\/span><span style=\"color: #171717;\">dois encontros para discutir os seguintes temas: Fiscaliza\u00e7\u00e3o Sanit\u00e1ria e Gest\u00e3o do Risco Sanit\u00e1rio. <\/span><\/span><\/span><\/p>\n<p align=\"justify\"><span style=\"font-family: Arial, sans-serif;\"><span style=\"font-size: medium;\"><span style=\"color: #171717;\">As capacita\u00e7\u00f5es foram promovidas pelo <\/span><span style=\"color: #171717;\">gestor administrativo de Estabelecimento de Sa\u00fade da SES, Mario Bastos.<\/span><span style=\"color: #171717;\"> \u201cEu acredito que o treinamento para os colaboradores \u00e9 muito importante, porque n\u00f3s, como servidores p\u00fablicos, que servimos a popula\u00e7\u00e3o, temos que ter um amparo e prepara\u00e7\u00e3o t\u00e9cnica pra abordagem e solu\u00e7\u00e3o dos problemas que eles t\u00eam. Por isso, n\u00f3s fomos implantando o in\u00edcio desses treinamentos atrav\u00e9s da educa\u00e7\u00e3o continuada\u201d, explica o gestor.<\/span><\/span><\/span><\/p>\n<p align=\"justify\"><span style=\"font-family: Arial, sans-serif;\"><span style=\"font-size: medium;\">Os encontros contaram com as presen\u00e7as de <span style=\"color: #171717;\">fiscais e profissionais da \u00e1rea administrativa <\/span><span style=\"color: #171717;\">da Vigil\u00e2ncia <\/span><span style=\"color: #171717;\">Sanit\u00e1ria.<\/span><\/span><\/span><\/p>\n<p align=\"justify\"><span style=\"font-family: Arial, sans-serif;\"><span style=\"font-size: medium;\">Presente nas reuni\u00f5es, a supervisora do Setor de Sa\u00fade e Vigil\u00e2ncia Sanit\u00e1ria, M\u00e1rcia de Luzia Cuter, salienta a import\u00e2ncia da iniciativa. \u201cVale destacar a import\u00e2ncia da integra\u00e7\u00e3o aplicada pelo nosso gestor, que une a fiscaliza\u00e7\u00e3o sanit\u00e1ria, a gest\u00e3o e a avalia\u00e7\u00e3o de risco. Essa vis\u00e3o torna a nossa atua\u00e7\u00e3o mais preventiva, estrat\u00e9gica e eficiente, garantindo uma prote\u00e7\u00e3o mais efetiva da sa\u00fade da popula\u00e7\u00e3o\u201d, diz. \u201cEspero que esses encontros aconte\u00e7am com muito mais frequ\u00eancia, pois foi muito positivo para todos n\u00f3s\u201d, completa.<\/span><\/span><\/p>\n<p align=\"justify\"><span style=\"color: #000000;\">\u201c<\/span><span style=\"font-family: Arial, sans-serif;\"><span style=\"font-size: medium;\"><span style=\"color: #000000;\">F<\/span><span style=\"color: #000000;\">oi um momento muito importante de intera\u00e7\u00e3o com a equipe, de compartilhamento de experi\u00eancias e conhecimento, com contribui\u00e7\u00f5es muito valiosas. <\/span><span style=\"color: #000000;\">Isso demonstra<\/span><span style=\"color: #000000;\"> o comprometimento da <\/span><span style=\"color: #000000;\">g<\/span><span style=\"color: #000000;\">est\u00e3o com o processo de constru\u00e7\u00e3o conjunta e aperfei\u00e7oamento do nosso trabalho, que \u00e9 fundamental a sa\u00fade p\u00fablica\u201d, <\/span><span style=\"color: #000000;\">conclui a s<\/span><span style=\"color: #000000;\">upervisora de <\/span><span style=\"color: #000000;\">\u00c1<\/span><span style=\"color: #000000;\">rea de <\/span><span style=\"color: #000000;\">S<\/span><span style=\"color: #000000;\">a\u00fade <\/span><span style=\"color: #000000;\">da<\/span><span style=\"color: #000000;\"> Vigil\u00e2ncia Sanit\u00e1ria, Camila Cristina Frati, <\/span><span style=\"color: #000000;\">tamb\u00e9m participante das capacita\u00e7\u00f5es.<\/span><\/span><\/span><\/p>\n<p><!-- Root element of PhotoSwipe. Must have class pswp. --><\/p><\/div>\n","protected":false},"excerpt":{"rendered":"<p>4 de setembro de 2025 17:59 Por: Bruno Rodrigues Fotos: Michelle Alves (Secom\/Sorocaba) A Secretaria&#8230;<\/p>\n","protected":false},"author":2,"featured_media":0,"comment_status":"","ping_status":"","sticky":false,"template":"","format":"standard","meta":{"footnotes":""},"categories":[2],"tags":[],"class_list":["post-29134","post","type-post","status-publish","format-standard","hentry","category-jogos-ao-vivo"],"amp_enabled":true,"_links":{"self":[{"href":"https:\/\/ipatingafc.com.br\/index.php\/wp-json\/wp\/v2\/posts\/29134","targetHints":{"allow":["GET"]}}],"collection":[{"href":"https:\/\/ipatingafc.com.br\/index.php\/wp-json\/wp\/v2\/posts"}],"about":[{"href":"https:\/\/ipatingafc.com.br\/index.php\/wp-json\/wp\/v2\/types\/post"}],"author":[{"embeddable":true,"href":"https:\/\/ipatingafc.com.br\/index.php\/wp-json\/wp\/v2\/users\/2"}],"replies":[{"embeddable":true,"href":"https:\/\/ipatingafc.com.br\/index.php\/wp-json\/wp\/v2\/comments?post=29134"}],"version-history":[{"count":0,"href":"https:\/\/ipatingafc.com.br\/index.php\/wp-json\/wp\/v2\/posts\/29134\/revisions"}],"wp:attachment":[{"href":"https:\/\/ipatingafc.com.br\/index.php\/wp-json\/wp\/v2\/media?parent=29134"}],"wp:term":[{"taxonomy":"category","embeddable":true,"href":"https:\/\/ipatingafc.com.br\/index.php\/wp-json\/wp\/v2\/categories?post=29134"},{"taxonomy":"post_tag","embeddable":true,"href":"https:\/\/ipatingafc.com.br\/index.php\/wp-json\/wp\/v2\/tags?post=29134"}],"curies":[{"name":"wp","href":"https:\/\/api.w.org\/{rel}","templated":true}]}}