{"id":38555,"date":"2026-02-24T00:27:40","date_gmt":"2026-02-24T03:27:40","guid":{"rendered":"https:\/\/ipatingafc.com.br\/index.php\/2026\/02\/24\/alckmin-diz-que-reducao-da-jornada-de-trabalho-e-tendencia-mundial\/"},"modified":"2026-02-24T00:27:40","modified_gmt":"2026-02-24T03:27:40","slug":"alckmin-diz-que-reducao-da-jornada-de-trabalho-e-tendencia-mundial","status":"publish","type":"post","link":"https:\/\/ipatingafc.com.br\/index.php\/2026\/02\/24\/alckmin-diz-que-reducao-da-jornada-de-trabalho-e-tendencia-mundial\/","title":{"rendered":"Alckmin diz que redu\u00e7\u00e3o da jornada de trabalho \u00e9 tend\u00eancia mundial"},"content":{"rendered":"<p><\/p>\n<div wp_automatic_readability=\"106.53037555228\">\n<p>O presidente da Rep\u00fablica em exerc\u00edcio e ministro do Desenvolvimento, Ind\u00fastria, Com\u00e9rcio e Servi\u00e7os, Geraldo Alckmin, assinou na noite desta segunda-feira (23) um acordo de coopera\u00e7\u00e3o com a Federa\u00e7\u00e3o das Ind\u00fastrias do Estado de S\u00e3o Paulo (Fiesp) para promover e fortalecer as a\u00e7\u00f5es de combate a pr\u00e1ticas desleais e ilegais no com\u00e9rcio exterior brasileiro.<\/p>\n<p><strong>No evento, o presidente da Fiesp, Paulo Skaf, aproveitou a cerim\u00f4nia de assinatura dos protocolos de inten\u00e7\u00f5es para pedir ao presidente em exerc\u00edcio que a discuss\u00e3o sobre o fim da escala 6\u00d71 seja adiada para o pr\u00f3ximo ano, principalmente por este ser um ano de elei\u00e7\u00f5es.\u00a0<\/strong><\/p>\n<blockquote wp_automatic_readability=\"9.5092838196286\">\n<p>\u201cA gente precisa que essa discuss\u00e3o v\u00e1 para 2027. N\u00f3s estamos abertos sempre a debater tudo. S\u00f3 que em ano eleitoral as emo\u00e7\u00f5es, os sentimentos, as motiva\u00e7\u00f5es, muitas vezes se conflituam com os interesses do pa\u00eds\u201d, disse Skaf.<\/p>\n<p><strong>STF vai decidir sobre escritura p\u00fablica para venda de im\u00f3veis fora SFI<\/strong><\/p>\n<p><strong>PRF: quase 44% das mortes nas estradas envolvem ve\u00edculos de carga<\/strong><\/p>\n<\/blockquote>\n<p><strong>Em resposta, Alckmin defendeu a necessidade de mudan\u00e7as na jornada de trabalho e destacou que isso vem acontecendo em todo o mundo.\u00a0<\/strong><\/p>\n<blockquote wp_automatic_readability=\"12\">\n<p>\u201cH\u00e1 uma tend\u00eancia mundial de voc\u00ea ter uma redu\u00e7\u00e3o. Ali\u00e1s, isso j\u00e1 vem acontecendo. Ent\u00e3o, esse \u00e9 um debate que n\u00e3o deve fazer corridas e deve ser aprofundado, j\u00e1 que voc\u00ea tem situa\u00e7\u00f5es muito distintas dentro do pr\u00f3prio setor produtivo. Mas isso \u00e9 uma tend\u00eancia\u201d, declarou o presidente em exerc\u00edcio.\u00a0<\/p>\n<\/blockquote>\n<h2>Defesa comercial<\/h2>\n<p><strong>Ao lado do presidente da Fiesp, Alckmin assinou dois documentos: um protocolo de inten\u00e7\u00f5es sobre defesa comercial e outro sobre ambiente regulat\u00f3rio e que pretende combater a burocratiza\u00e7\u00e3o e promover a competitividade.<\/strong><\/p>\n<blockquote wp_automatic_readability=\"6.3448275862069\">\n<p>\u201cA coopera\u00e7\u00e3o com o setor produtivo na defesa comercial vai contribuir para fortalecer o com\u00e9rcio justo e promover um ambiente concorrencial mais equilibrado\u201d, defendeu Alckmin.<\/p>\n<p><strong>Empres\u00e1ria passa mal e depoimento \u00e9 encerrado na CPMI do INSS<\/strong><\/p>\n<p><strong>Encontro debate rede latino-americana por alfabetiza\u00e7\u00e3o na idade certa<\/strong><\/p>\n<\/blockquote>\n<p>Segundo a Fiesp, o protocolo sobre defesa comercial tem por objeto estabelecer bases para a coopera\u00e7\u00e3o institucional entre o minist\u00e9rio e a Fiesp, com vistas \u00e0 promo\u00e7\u00e3o do com\u00e9rcio justo e ao adequado uso pelo Brasil dos instrumentos de defesa comercial e de combate a pr\u00e1ticas desleais e ilegais de com\u00e9rcio previstos na legisla\u00e7\u00e3o nacional e internacional. Uma das a\u00e7\u00f5es previstas \u00e9 a cria\u00e7\u00e3o de uma calculadora de margem de dumping, al\u00e9m do compartilhamento de experi\u00eancias e ferramentas t\u00e9cnicas.<\/p>\n<p>O segundo protocolo trata mais especificamente sobre ambiente regulat\u00f3rio e tem por objetivo estabelecer bases para a coopera\u00e7\u00e3o institucional entre o minist\u00e9rio e a Fiesp, buscando promover a desburocratiza\u00e7\u00e3o, fortalecer e promover a competitividade e a qualidade regulat\u00f3ria no pa\u00eds, reduzir custos regulat\u00f3rios e administrativos para empresas e sociedade e desenvolver a\u00e7\u00f5es para que reduzam barreiras e custos sist\u00eamicos para empreender e investir no Brasil. Nessa proposta est\u00e1 prevista, por exemplo, a amplia\u00e7\u00e3o da digitaliza\u00e7\u00e3o dos servi\u00e7os p\u00fablicos e integra\u00e7\u00e3o dos sistemas.<\/p>\n<p>\u201cN\u00f3s vamos tomar uma medida hoje formal, objetivando avan\u00e7armos e termos no Brasil, realmente, uma defesa comercial eficiente, para que a gente n\u00e3o possa permitir que os nossos setores e os nossos empregos sejam atacados de uma forma injusta\u201d, disse Skaf na cerim\u00f4nia de assinatura, que ocorreu durante a reuni\u00e3o da diretoria da Fiesp.<\/p>\n<div class=\"dnd-widget-wrapper context-cheio_8colunas type-image atom-align-center\">\n<h6 class=\"meta rtecenter\">Geraldo Alckmin, ao lado do presidente da Fiesp, Paulo Skaf, durante cerim\u00f4nia de assinatura de Acordo Antiduping. Foto: <strong>Paulo Pinto\/Ag\u00eancia Brasil<\/strong><!--END copyright=453682--><\/h6>\n<\/div>\n<h2>Selic<\/h2>\n<p><strong>Em fala \u00e0 diretoria da entidade, Alckmin disse ainda estar confiante que o Comit\u00ea de Pol\u00edtica Monet\u00e1ria (Copom) comece, j\u00e1 em sua pr\u00f3xima reuni\u00e3o agendada para mar\u00e7o, a reduzir a taxa b\u00e1sica de juros (Selic), atualmente estabelecida em 15% ao ano. <\/strong>\u201cEstamos confiantes de que na pr\u00f3xima reuni\u00e3o do Copom comece a redu\u00e7\u00e3o da taxa de juros\u201d, disse ele.<\/p>\n<p>Segundo o presidente em exerc\u00edcio, isso deve ocorrer por causa da aprecia\u00e7\u00e3o do real e da desinfla\u00e7\u00e3o dos alimentos. \u201cN\u00f3s devemos ter a\u00ed uma melhora\u201d, acrescentou Alckmin, sobre sua expectativa de melhora na economia com a tend\u00eancia de redu\u00e7\u00e3o da taxa de juros.<\/p>\n<h2>Taxa\u00e7\u00e3o<\/h2>\n<p>Aos empres\u00e1rios e industriais presentes \u00e0 reuni\u00e3o da Fiesp, Alckmin voltou a falar hoje que considera positiva para o Brasil a nova tarifa global de 15% que foi estabelecida nesta semana pelo governo dos Estados Unidos.<\/p>\n<p>A medida, que foi anunciada por Trump como uma resposta \u00e0 decis\u00e3o da Suprema Corte de derrubar as tarifas sobre produtos importados que haviam sido impostas globalmente por ele no ano passado, foi aplicada a todos os pa\u00edses e representa uma mudan\u00e7a em rela\u00e7\u00e3o \u00e0s tarifas anteriores, que variavam por na\u00e7\u00e3o.<\/p>\n<p>\u201cO pa\u00eds mais beneficiado no mundo [com essa decis\u00e3o] foi o Brasil\u201d, disse Alckmin, refor\u00e7ando que o problema maior era quando os Estados Unidos haviam taxado apenas o Brasil.<\/p>\n<blockquote wp_automatic_readability=\"10\">\n<p>\u201cO problema dos 10% + 40% [de taxas] era um problem\u00e3o [para o Brasil]. Mas essa decis\u00e3o de 15% n\u00e3o tem problema porque s\u00e3o 15% para n\u00f3s e para o mundo inteiro. Agora, o pa\u00eds mais beneficiado no mundo foi o Brasil. Abre a\u00ed uma avenida em termos de voltar a ter um com\u00e9rcio exterior importante com os Estados Unidos\u201d, afirmou.<\/p>\n<\/blockquote>\n<\/div>\n","protected":false},"excerpt":{"rendered":"<p>O presidente da Rep\u00fablica em exerc\u00edcio e ministro do Desenvolvimento, Ind\u00fastria, Com\u00e9rcio e Servi\u00e7os, Geraldo&#8230;<\/p>\n","protected":false},"author":2,"featured_media":0,"comment_status":"","ping_status":"","sticky":false,"template":"","format":"standard","meta":{"footnotes":""},"categories":[2],"tags":[],"class_list":["post-38555","post","type-post","status-publish","format-standard","hentry","category-jogos-ao-vivo"],"amp_enabled":true,"_links":{"self":[{"href":"https:\/\/ipatingafc.com.br\/index.php\/wp-json\/wp\/v2\/posts\/38555","targetHints":{"allow":["GET"]}}],"collection":[{"href":"https:\/\/ipatingafc.com.br\/index.php\/wp-json\/wp\/v2\/posts"}],"about":[{"href":"https:\/\/ipatingafc.com.br\/index.php\/wp-json\/wp\/v2\/types\/post"}],"author":[{"embeddable":true,"href":"https:\/\/ipatingafc.com.br\/index.php\/wp-json\/wp\/v2\/users\/2"}],"replies":[{"embeddable":true,"href":"https:\/\/ipatingafc.com.br\/index.php\/wp-json\/wp\/v2\/comments?post=38555"}],"version-history":[{"count":0,"href":"https:\/\/ipatingafc.com.br\/index.php\/wp-json\/wp\/v2\/posts\/38555\/revisions"}],"wp:attachment":[{"href":"https:\/\/ipatingafc.com.br\/index.php\/wp-json\/wp\/v2\/media?parent=38555"}],"wp:term":[{"taxonomy":"category","embeddable":true,"href":"https:\/\/ipatingafc.com.br\/index.php\/wp-json\/wp\/v2\/categories?post=38555"},{"taxonomy":"post_tag","embeddable":true,"href":"https:\/\/ipatingafc.com.br\/index.php\/wp-json\/wp\/v2\/tags?post=38555"}],"curies":[{"name":"wp","href":"https:\/\/api.w.org\/{rel}","templated":true}]}}