{"id":38563,"date":"2026-02-24T03:11:46","date_gmt":"2026-02-24T06:11:46","guid":{"rendered":"https:\/\/ipatingafc.com.br\/index.php\/2026\/02\/24\/quase-44-das-mortes-nas-estradas-envolvem-veiculos-de-carga\/"},"modified":"2026-02-24T03:11:46","modified_gmt":"2026-02-24T06:11:46","slug":"quase-44-das-mortes-nas-estradas-envolvem-veiculos-de-carga","status":"publish","type":"post","link":"https:\/\/ipatingafc.com.br\/index.php\/2026\/02\/24\/quase-44-das-mortes-nas-estradas-envolvem-veiculos-de-carga\/","title":{"rendered":"quase 44% das mortes nas estradas envolvem ve\u00edculos de carga"},"content":{"rendered":"<p><\/p>\n<div wp_automatic_readability=\"67.151162790698\">\n<p><strong>No balan\u00e7o da Opera\u00e7\u00e3o Rodovida, a Pol\u00edcia Rodovi\u00e1ria Federal (PRF) informou, nesta segunda-feira (23), que das 1.172 mortes nas estradas federais brasileiras registradas nos \u00faltimos 66 dias, um total de 514 v\u00edtimas esteve em acidentes que envolveram ve\u00edculos de carga.<\/strong> O n\u00famero representou 43,93% do total.<\/p>\n<p>Os acidentes com esse tipo de ve\u00edculo totalizaram 3.149\u00a0 casos. Eles representam 23,81% do total de sinistros nas estradas. Os dados foram apresentados em evento na cidade de Aracaju (SE) no encerramento da opera\u00e7\u00e3o.\u00a0<\/p>\n<p><strong>A Opera\u00e7\u00e3o Rodovida come\u00e7ou em 18 de dezembro do ano passado e durou at\u00e9 o \u00faltimo domingo (22).\u00a0<\/strong><\/p>\n<p><strong>Estatuto dos C\u00e3es e Gatos prev\u00ea penas para quem maltratar animais<\/strong><\/p>\n<p><strong>Mendon\u00e7a tem nova reuni\u00e3o com PF e recebe relat\u00f3rio sobre Caso Master<\/strong><\/p>\n<p>A corpora\u00e7\u00e3o afirmou que, dentre esses acidentes com ve\u00edculos de carga, as colis\u00f5es frontais foram as que mais resultaram em mortes, com 288 no total (o maior n\u00famero).\u00a0<\/p>\n<h2>Mortes no carnaval<\/h2>\n<p><strong>Durante o per\u00edodo carnavalesco, pelo menos 130 pessoas morreram nas estradas. Segundo a corpora\u00e7\u00e3o, foi o carnaval mais violento da d\u00e9cada.\u00a0<\/strong><\/p>\n<p>Os n\u00fameros mostraram ainda um aumento de 8,54% nos acidentes de tr\u00e2nsito graves durante os dias de folia. A\u00a0 maioria das v\u00edtimas estava em autom\u00f3veis e motocicletas.<\/p>\n<h2>Alta velocidade<\/h2>\n<p>Durante toda a Opera\u00e7\u00e3o Rodovida, ao menos 1,2 milh\u00e3o de ve\u00edculos dos mais diferentes tipos apresentaram excesso de velocidade. Outros n\u00fameros que trouxeram preocupa\u00e7\u00e3o \u00e0 corpora\u00e7\u00e3o foram de\u00a0 58,7 mil ultrapassagens irregulares e 11,1 mil motoristas embriagados ao volante.\u00a0<\/p>\n<p><strong>Alckmin diz que redu\u00e7\u00e3o da jornada de trabalho \u00e9 tend\u00eancia mundial<\/strong><\/p>\n<p><strong>STF vai decidir sobre escritura p\u00fablica para venda de im\u00f3veis fora SFI<\/strong><\/p>\n<p>Segundo a PRF, a proposta da opera\u00e7\u00e3o foi de fazer a seguran\u00e7a nos per\u00edodos de maior movimenta\u00e7\u00e3o nas estradas, o que incluiu as f\u00e9rias escolares e as opera\u00e7\u00f5es Natal, Ano Novo e Carnaval.\u00a0<\/p>\n<h2>Celular ao volante<\/h2>\n<p>Segundo ainda a corpora\u00e7\u00e3o, foram flagrados tamb\u00e9m 9,6 mil condutores utilizando o celular enquanto dirigiam. Al\u00e9m disso, 54,5 mil pessoas n\u00e3o usaram o cinto de seguran\u00e7a ou a \u201ccadeirinha\u201d para crian\u00e7as at\u00e9 quatro anos de idade.\u00a0<\/p>\n<p>Entre os ocupantes de motocicletas, 10,3 mil pessoas n\u00e3o usaram o capacete. Entre os motoristas profissionais (de \u00f4nibus ou caminh\u00e3o, por exemplo), 17,1 mil n\u00e3o respeitaram a Lei do Descanso (que estabelece ao menos 11 horas de pausa em um dia).<\/p>\n<\/div>\n","protected":false},"excerpt":{"rendered":"<p>No balan\u00e7o da Opera\u00e7\u00e3o Rodovida, a Pol\u00edcia Rodovi\u00e1ria Federal (PRF) informou, nesta segunda-feira (23), que&#8230;<\/p>\n","protected":false},"author":2,"featured_media":0,"comment_status":"","ping_status":"","sticky":false,"template":"","format":"standard","meta":{"footnotes":""},"categories":[2],"tags":[],"class_list":["post-38563","post","type-post","status-publish","format-standard","hentry","category-jogos-ao-vivo"],"amp_enabled":true,"_links":{"self":[{"href":"https:\/\/ipatingafc.com.br\/index.php\/wp-json\/wp\/v2\/posts\/38563","targetHints":{"allow":["GET"]}}],"collection":[{"href":"https:\/\/ipatingafc.com.br\/index.php\/wp-json\/wp\/v2\/posts"}],"about":[{"href":"https:\/\/ipatingafc.com.br\/index.php\/wp-json\/wp\/v2\/types\/post"}],"author":[{"embeddable":true,"href":"https:\/\/ipatingafc.com.br\/index.php\/wp-json\/wp\/v2\/users\/2"}],"replies":[{"embeddable":true,"href":"https:\/\/ipatingafc.com.br\/index.php\/wp-json\/wp\/v2\/comments?post=38563"}],"version-history":[{"count":0,"href":"https:\/\/ipatingafc.com.br\/index.php\/wp-json\/wp\/v2\/posts\/38563\/revisions"}],"wp:attachment":[{"href":"https:\/\/ipatingafc.com.br\/index.php\/wp-json\/wp\/v2\/media?parent=38563"}],"wp:term":[{"taxonomy":"category","embeddable":true,"href":"https:\/\/ipatingafc.com.br\/index.php\/wp-json\/wp\/v2\/categories?post=38563"},{"taxonomy":"post_tag","embeddable":true,"href":"https:\/\/ipatingafc.com.br\/index.php\/wp-json\/wp\/v2\/tags?post=38563"}],"curies":[{"name":"wp","href":"https:\/\/api.w.org\/{rel}","templated":true}]}}