{"id":38564,"date":"2026-02-24T03:52:41","date_gmt":"2026-02-24T06:52:41","guid":{"rendered":"https:\/\/ipatingafc.com.br\/index.php\/2026\/02\/24\/dolar-fecha-em-r-516-e-atinge-menor-valor-em-20-meses\/"},"modified":"2026-02-24T03:52:41","modified_gmt":"2026-02-24T06:52:41","slug":"dolar-fecha-em-r-516-e-atinge-menor-valor-em-20-meses","status":"publish","type":"post","link":"https:\/\/ipatingafc.com.br\/index.php\/2026\/02\/24\/dolar-fecha-em-r-516-e-atinge-menor-valor-em-20-meses\/","title":{"rendered":"D\u00f3lar fecha em R$ 5,16 e atinge menor valor em 20 meses"},"content":{"rendered":"<p><\/p>\n<div wp_automatic_readability=\"63.342663656885\">\n<p>Em meio \u00e0 cautela dos investidores com a pol\u00edtica tarif\u00e1ria do presidente Donald Trump, o d\u00f3lar voltou a cair e a fechar no menor valor em 20 meses. A bolsa de valores iniciou o dia em alta, mas reverteu a trajet\u00f3ria e caiu, influenciada pelo mercado externo.<\/p>\n<p><strong>O d\u00f3lar comercial encerrou esta segunda-feira (23) vendido a R$ 5,169, com recuo de R$ 0,007 (-0,14%). <\/strong>A cota\u00e7\u00e3o come\u00e7ou a sess\u00e3o em alta, chagando a R$ 5,19 pouco antes das 9h30, mas recuou ainda no fim da manh\u00e3, em linha com o mercado internacional.<\/p>\n<p><strong>A moeda estadunidense est\u00e1 no menor valor desde 28 de maio de 2024, quando estava em R$ 5,15. A divisa acumula queda de 1,51% em fevereiro e de 5,83% em 2025.<\/strong><\/p>\n<p><strong>Estatuto dos C\u00e3es e Gatos prev\u00ea penas para quem maltratar animais<\/strong><\/p>\n<p><strong>Mendon\u00e7a tem nova reuni\u00e3o com PF e recebe relat\u00f3rio sobre Caso Master<\/strong><\/p>\n<p>O mercado de a\u00e7\u00f5es teve um dia mais vol\u00e1til. <strong>O \u00edndice Ibovespa, da B3, fechou aos 188.853 pontos, com recuo de 0,88%. <\/strong>O indicador chegou a subir 0,23% \u00e0s 11h57, mas passou a cair \u00e0 tarde, puxado por a\u00e7\u00f5es de bancos e em linha com as bolsas de Nova York.<\/p>\n<p>As incertezas em torno da imposi\u00e7\u00e3o de tarifas pelo presidente Donald Trump provocaram oscila\u00e7\u00f5es no mercado. O d\u00f3lar come\u00e7ou o dia em alta, com importadores aproveitando a cota\u00e7\u00e3o barata da sexta-feira (20) para comprar moeda, mas a movimenta\u00e7\u00e3o inverteu-se com a abertura do mercado estadunidense e a enxurrada de capitais para pa\u00edses emergentes, como o Brasil.<\/p>\n<p>Em rela\u00e7\u00e3o \u00e0 bolsa, houve um movimento de realiza\u00e7\u00e3o de lucros, principalmente em a\u00e7\u00f5es de bancos, ap\u00f3s o recorde de sexta-feira. Paralelamente, a corre\u00e7\u00e3o nas bolsas dos Estados Unidos nesta segunda influenciou o mercado de a\u00e7\u00f5es em todo o planeta.<\/p>\n<p>A exce\u00e7\u00e3o foram as a\u00e7\u00f5es de petroleiras, que subiram influenciadas pelo aumento na cota\u00e7\u00e3o internacional do petr\u00f3leo, em meio ao acirramento das tens\u00f5es entre os Estados Unidos e o Ir\u00e3. Trump voltou a amea\u00e7ar o pa\u00eds asi\u00e1tico com uma a\u00e7\u00e3o militar de maior escala.<\/p>\n<p><strong>Alckmin diz que redu\u00e7\u00e3o da jornada de trabalho \u00e9 tend\u00eancia mundial<\/strong><\/p>\n<p><strong>STF vai decidir sobre escritura p\u00fablica para venda de im\u00f3veis fora SFI<\/strong><\/p>\n<p>* com informa\u00e7\u00f5es da Reuters<\/p>\n<\/div>\n","protected":false},"excerpt":{"rendered":"<p>Em meio \u00e0 cautela dos investidores com a pol\u00edtica tarif\u00e1ria do presidente Donald Trump, o&#8230;<\/p>\n","protected":false},"author":2,"featured_media":0,"comment_status":"","ping_status":"","sticky":false,"template":"","format":"standard","meta":{"footnotes":""},"categories":[2],"tags":[],"class_list":["post-38564","post","type-post","status-publish","format-standard","hentry","category-jogos-ao-vivo"],"amp_enabled":true,"_links":{"self":[{"href":"https:\/\/ipatingafc.com.br\/index.php\/wp-json\/wp\/v2\/posts\/38564","targetHints":{"allow":["GET"]}}],"collection":[{"href":"https:\/\/ipatingafc.com.br\/index.php\/wp-json\/wp\/v2\/posts"}],"about":[{"href":"https:\/\/ipatingafc.com.br\/index.php\/wp-json\/wp\/v2\/types\/post"}],"author":[{"embeddable":true,"href":"https:\/\/ipatingafc.com.br\/index.php\/wp-json\/wp\/v2\/users\/2"}],"replies":[{"embeddable":true,"href":"https:\/\/ipatingafc.com.br\/index.php\/wp-json\/wp\/v2\/comments?post=38564"}],"version-history":[{"count":0,"href":"https:\/\/ipatingafc.com.br\/index.php\/wp-json\/wp\/v2\/posts\/38564\/revisions"}],"wp:attachment":[{"href":"https:\/\/ipatingafc.com.br\/index.php\/wp-json\/wp\/v2\/media?parent=38564"}],"wp:term":[{"taxonomy":"category","embeddable":true,"href":"https:\/\/ipatingafc.com.br\/index.php\/wp-json\/wp\/v2\/categories?post=38564"},{"taxonomy":"post_tag","embeddable":true,"href":"https:\/\/ipatingafc.com.br\/index.php\/wp-json\/wp\/v2\/tags?post=38564"}],"curies":[{"name":"wp","href":"https:\/\/api.w.org\/{rel}","templated":true}]}}