{"id":38565,"date":"2026-02-24T03:56:38","date_gmt":"2026-02-24T06:56:38","guid":{"rendered":"https:\/\/ipatingafc.com.br\/index.php\/2026\/02\/24\/saae-sorocaba-faz-limpeza-e-manutencao-preventiva-em-reservatorio-de-detencao-de-cheias-rdc-do-jardim-maria-do-carmo-agencia-de-noticias\/"},"modified":"2026-02-24T03:56:38","modified_gmt":"2026-02-24T06:56:38","slug":"saae-sorocaba-faz-limpeza-e-manutencao-preventiva-em-reservatorio-de-detencao-de-cheias-rdc-do-jardim-maria-do-carmo-agencia-de-noticias","status":"publish","type":"post","link":"https:\/\/ipatingafc.com.br\/index.php\/2026\/02\/24\/saae-sorocaba-faz-limpeza-e-manutencao-preventiva-em-reservatorio-de-detencao-de-cheias-rdc-do-jardim-maria-do-carmo-agencia-de-noticias\/","title":{"rendered":"Saae\/Sorocaba faz limpeza e manuten\u00e7\u00e3o preventiva em Reservat\u00f3rio de Deten\u00e7\u00e3o de Cheias (RDC) do Jardim Maria do Carmo \u2013 Ag\u00eancia de Not\u00edcias"},"content":{"rendered":"<p><\/p>\n<div wp_automatic_readability=\"32\">\n<div class=\"col\" wp_automatic_readability=\"9\">\n<p class=\"mt-0\">\n                        <strong><br \/>\n                            <span class=\"far fa-calendar mr-1 mt-2\"\/><br \/>\n                            23 de fevereiro de 2026<br \/>\n                            <span class=\"far fa-clock ml-3 mt-2\"\/><br \/>\n                            12:43<br \/>\n                        <\/strong>\n                    <\/p>\n<p class=\"mb-0\">Por: <strong>Eduardo Santinon (esantinon@sorocaba.sp.gov.br)<\/strong><\/p>\n<\/p><\/div>\n<\/p><\/div>\n<div wp_automatic_readability=\"93\">\n<p>O Servi\u00e7o Aut\u00f4nomo de \u00c1gua e Esgoto (Saae) executa, preventivamente, a limpeza e a manuten\u00e7\u00e3o do Reservat\u00f3rio de Deten\u00e7\u00e3o de Cheias (RDC) do Jardim Maria do Carmo. O objetivo \u00e9 que o sistema permane\u00e7a preservado e em plenas condi\u00e7\u00f5es de funcionamento nos per\u00edodos de chuvas intensas.<\/p>\n<p>As interven\u00e7\u00f5es tiveram in\u00edcio na semana passada e a expectativa \u00e9 que sejam conclu\u00eddas at\u00e9 o fim de abril. Os servi\u00e7os, executados com escavadeira hidr\u00e1ulica, consistem na retirada dos res\u00edduos que ficaram depositados no fundo do leito. O material \u00e9 transportado por caminh\u00f5es e depositado em aterro apropriado. Tamb\u00e9m \u00e9 feita a remo\u00e7\u00e3o de mato e demais res\u00edduos que s\u00e3o carreados em dias de chuva.<\/p>\n<p>O RDC foi constru\u00eddo em \u00e1rea p\u00fablica de 12 mil metros quadrados, junto \u00e0s ruas Jo\u00e3o Gabriel Mendes e Ingracia Angrisani Gomes. O reservat\u00f3rio tem cerca de um metro e meio de profundidade, com capacidade para armazenar em torno 10 mil metros c\u00fabicos, opera como um complemento e de modo semelhante \u00e0quele existente no Jardim Abaet\u00e9, junto ao Parque das \u00c1guas.<\/p>\n<p>O Parque das \u00c1guas no todo, ali\u00e1s, funciona como uma bacia de conten\u00e7\u00e3o, em per\u00edodos de chuvas intensas, armazenando a \u00e1gua que transborda do Rio Sorocaba, assim como aquela que, por ventura, extravase do RDC, preservando moradias e outros espa\u00e7os nessa regi\u00e3o da cidade.<\/p>\n<p>Os servi\u00e7os no Jardim Maria do Carmo seguem programa\u00e7\u00e3o pr\u00e9-definida pelo Saae\/Sorocaba, que engloba a manuten\u00e7\u00e3o preventiva de todos os c\u00f3rregos e Bacias de Conten\u00e7\u00e3o do munic\u00edpio.<\/p>\n<p>A autarquia j\u00e1 executou manuten\u00e7\u00f5es preventivas desse tipo, por exemplo, em c\u00f3rregos nos bairros Brigadeiro Tobias, Jardim Brasil\u00e2ndia, Jardim Itapemirim, Jardim Leoc\u00e1dia, Jardim Marli, Jardim Piratininga, Jardim Prestes de Barros (Lavap\u00e9s), Mineir\u00e3o, Parque das Laranjeiras, Vila Bar\u00e3o, al\u00e9m das Bacias de Conten\u00e7\u00e3o do Abaet\u00e9, Campolim, Parque dos Italianos, Parque Kasato Maru, Norcross e Rua Panam\u00e1 (Barcelona), bem como nos lagos no Jardim Santa Catarina e nos Parques Jo\u00e3o Pellegrini (Central Parque) e Vila Formosa. Elas ocorrem periodicamente junto aos mananciais, por\u00e9m, devido ao per\u00edodo de chuvas e ao calor, o mato e o lodo proliferam de forma mais r\u00e1pida.<\/p>\n<p><!-- Root element of PhotoSwipe. Must have class pswp. --><\/p><\/div>\n","protected":false},"excerpt":{"rendered":"<p>23 de fevereiro de 2026 12:43 Por: Eduardo Santinon (esantinon@sorocaba.sp.gov.br) O Servi\u00e7o Aut\u00f4nomo de \u00c1gua&#8230;<\/p>\n","protected":false},"author":2,"featured_media":0,"comment_status":"","ping_status":"","sticky":false,"template":"","format":"standard","meta":{"footnotes":""},"categories":[2],"tags":[],"class_list":["post-38565","post","type-post","status-publish","format-standard","hentry","category-jogos-ao-vivo"],"amp_enabled":true,"_links":{"self":[{"href":"https:\/\/ipatingafc.com.br\/index.php\/wp-json\/wp\/v2\/posts\/38565","targetHints":{"allow":["GET"]}}],"collection":[{"href":"https:\/\/ipatingafc.com.br\/index.php\/wp-json\/wp\/v2\/posts"}],"about":[{"href":"https:\/\/ipatingafc.com.br\/index.php\/wp-json\/wp\/v2\/types\/post"}],"author":[{"embeddable":true,"href":"https:\/\/ipatingafc.com.br\/index.php\/wp-json\/wp\/v2\/users\/2"}],"replies":[{"embeddable":true,"href":"https:\/\/ipatingafc.com.br\/index.php\/wp-json\/wp\/v2\/comments?post=38565"}],"version-history":[{"count":0,"href":"https:\/\/ipatingafc.com.br\/index.php\/wp-json\/wp\/v2\/posts\/38565\/revisions"}],"wp:attachment":[{"href":"https:\/\/ipatingafc.com.br\/index.php\/wp-json\/wp\/v2\/media?parent=38565"}],"wp:term":[{"taxonomy":"category","embeddable":true,"href":"https:\/\/ipatingafc.com.br\/index.php\/wp-json\/wp\/v2\/categories?post=38565"},{"taxonomy":"post_tag","embeddable":true,"href":"https:\/\/ipatingafc.com.br\/index.php\/wp-json\/wp\/v2\/tags?post=38565"}],"curies":[{"name":"wp","href":"https:\/\/api.w.org\/{rel}","templated":true}]}}