{"id":38894,"date":"2026-03-01T10:22:43","date_gmt":"2026-03-01T13:22:43","guid":{"rendered":"https:\/\/ipatingafc.com.br\/index.php\/2026\/03\/01\/brasil-manifesta-preocupacao-com-escalada-do-conflito-no-oriente-medio\/"},"modified":"2026-03-01T10:22:43","modified_gmt":"2026-03-01T13:22:43","slug":"brasil-manifesta-preocupacao-com-escalada-do-conflito-no-oriente-medio","status":"publish","type":"post","link":"https:\/\/ipatingafc.com.br\/index.php\/2026\/03\/01\/brasil-manifesta-preocupacao-com-escalada-do-conflito-no-oriente-medio\/","title":{"rendered":"Brasil manifesta preocupa\u00e7\u00e3o com escalada do conflito no Oriente M\u00e9dio"},"content":{"rendered":"<p><\/p>\n<div wp_automatic_readability=\"68.500996677741\">\n<p>Diante da escalada do conflito no Oriente M\u00e9dio, o governo brasileiro manifestou, em comunicado divulgado na noite de s\u00e1bado (28),\u00a0 \u201cprofunda preocupa\u00e7\u00e3o\u201d. O Brasil reafirmou que o di\u00e1logo e a negocia\u00e7\u00e3o diplom\u00e1tica \u201cconstituem o \u00fanico caminho vi\u00e1vel para a supera\u00e7\u00e3o das diverg\u00eancias e a constru\u00e7\u00e3o de uma solu\u00e7\u00e3o duradoura\u201d e refor\u00e7ou o papel das Na\u00e7\u00f5es Unidas na preven\u00e7\u00e3o e na resolu\u00e7\u00e3o de conflitos.\u00a0<\/p>\n<p><strong>O Brasil tamb\u00e9m fez um apelo \u00e0 interrup\u00e7\u00e3o de a\u00e7\u00f5es militares ofensivas e instou todas as partes a respeitar o direito internacional.<\/strong><\/p>\n<blockquote wp_automatic_readability=\"7.5671641791045\">\n<p>O pa\u00eds \u201ccondena quaisquer medidas que violem a soberania de terceiros Estados ou que possam ampliar o conflito, tais como a\u00e7\u00f5es retaliat\u00f3rias e ataques contra \u00e1reas civis\u201d, diz a nota.\u00a0<\/p>\n<p><strong>Brasil \u00e9 campe\u00e3o sul-americano sub-20 feminino<\/strong><\/p>\n<p><strong>Santander libera metas do Bateu, Ganhou 2026; veja como funciona e como turbinar seus pontos<\/strong><\/p>\n<\/blockquote>\n<p><strong>O governo se solidarizou com a Ar\u00e1bia Saudita, o Bahrein, o Catar, os Emirados \u00c1rabes Unidos, o Iraque, o Kuwait e a Jord\u00e2nia, atacados pelo Ir\u00e3 em 28 de fevereiro.<\/strong><\/p>\n<blockquote wp_automatic_readability=\"11\">\n<p>\u201cAo lamentar a perda de vidas civis, o Brasil expressa\u00a0ainda\u00a0solidariedade \u00e0s fam\u00edlias das v\u00edtimas. Enfatiza, a prop\u00f3sito, a obriga\u00e7\u00e3o dos Estados de assegurar a prote\u00e7\u00e3o de civis, em conformidade com o direito internacional humanit\u00e1rio\u201d.<\/p>\n<\/blockquote>\n<p><strong>Leia o comunicado na \u00edntegra:<\/strong>\u00a0<\/p>\n<p>\u201cO governo brasileiro manifesta profunda preocupa\u00e7\u00e3o com a escalada de hostilidades na regi\u00e3o do Golfo, que representa grave amea\u00e7a \u00e0 paz e \u00e0 seguran\u00e7a internacionais, com potenciais impactos humanit\u00e1rios e econ\u00f4micos de amplo alcance.<\/p>\n<p><strong>Mega-Sena acumula e pr\u00eamio vai a R$ 160 milh\u00f5es<\/strong><\/p>\n<p><strong>Document\u00e1rio independente sobre parto humanizado estreia na TV Brasil<\/strong><\/p>\n<p>Ao fazer apelo \u00e0 interrup\u00e7\u00e3o de a\u00e7\u00f5es militares ofensivas, o Brasil insta todas as partes a respeitar o direito internacional e condena quaisquer medidas que violem a soberania de terceiros Estados ou que possam ampliar o conflito, tais como a\u00e7\u00f5es retaliat\u00f3rias e ataques contra \u00e1reas civis. Recordando que a leg\u00edtima defesa, prevista no artigo 51 da Carta das Na\u00e7\u00f5es Unidas, \u00e9 medida excepcional e sujeita \u00e0 proporcionalidade e ao nexo causal com o ataque armado, o Brasil se solidariza com a Ar\u00e1bia Saudita, o Bahrein, o Catar, os Emirados \u00c1rabes Unidos, o Iraque, o Kuwait e a Jord\u00e2nia \u2013 objetos de ataques retaliat\u00f3rios do Ir\u00e3 em 28 de fevereiro.<\/p>\n<p>Ao lamentar a perda de vidas civis, o Brasil expressa\u00a0ainda\u00a0solidariedade \u00e0s fam\u00edlias das v\u00edtimas. Enfatiza, a prop\u00f3sito, a obriga\u00e7\u00e3o dos Estados de assegurar a prote\u00e7\u00e3o de civis, em conformidade com o direito internacional humanit\u00e1rio.<\/p>\n<p>O Brasil reafirma que o di\u00e1logo e a negocia\u00e7\u00e3o diplom\u00e1tica constituem o \u00fanico caminho vi\u00e1vel para a supera\u00e7\u00e3o das diverg\u00eancias e a constru\u00e7\u00e3o de uma solu\u00e7\u00e3o duradoura, cabendo \u00e0s Na\u00e7\u00f5es Unidas papel central na preven\u00e7\u00e3o e na resolu\u00e7\u00e3o de conflitos, nos termos da Carta de S\u00e3o Francisco.<\/p>\n<\/div>\n","protected":false},"excerpt":{"rendered":"<p>Diante da escalada do conflito no Oriente M\u00e9dio, o governo brasileiro manifestou, em comunicado divulgado&#8230;<\/p>\n","protected":false},"author":2,"featured_media":0,"comment_status":"","ping_status":"","sticky":false,"template":"","format":"standard","meta":{"footnotes":""},"categories":[2],"tags":[],"class_list":["post-38894","post","type-post","status-publish","format-standard","hentry","category-jogos-ao-vivo"],"amp_enabled":true,"_links":{"self":[{"href":"https:\/\/ipatingafc.com.br\/index.php\/wp-json\/wp\/v2\/posts\/38894","targetHints":{"allow":["GET"]}}],"collection":[{"href":"https:\/\/ipatingafc.com.br\/index.php\/wp-json\/wp\/v2\/posts"}],"about":[{"href":"https:\/\/ipatingafc.com.br\/index.php\/wp-json\/wp\/v2\/types\/post"}],"author":[{"embeddable":true,"href":"https:\/\/ipatingafc.com.br\/index.php\/wp-json\/wp\/v2\/users\/2"}],"replies":[{"embeddable":true,"href":"https:\/\/ipatingafc.com.br\/index.php\/wp-json\/wp\/v2\/comments?post=38894"}],"version-history":[{"count":0,"href":"https:\/\/ipatingafc.com.br\/index.php\/wp-json\/wp\/v2\/posts\/38894\/revisions"}],"wp:attachment":[{"href":"https:\/\/ipatingafc.com.br\/index.php\/wp-json\/wp\/v2\/media?parent=38894"}],"wp:term":[{"taxonomy":"category","embeddable":true,"href":"https:\/\/ipatingafc.com.br\/index.php\/wp-json\/wp\/v2\/categories?post=38894"},{"taxonomy":"post_tag","embeddable":true,"href":"https:\/\/ipatingafc.com.br\/index.php\/wp-json\/wp\/v2\/tags?post=38894"}],"curies":[{"name":"wp","href":"https:\/\/api.w.org\/{rel}","templated":true}]}}