{"id":38905,"date":"2026-03-01T14:51:38","date_gmt":"2026-03-01T17:51:38","guid":{"rendered":"https:\/\/ipatingafc.com.br\/index.php\/2026\/03\/01\/agencia-minas-gerais-governo-de-minas-reforca-rede-de-saude-de-uba-com-envio-de-remedios-e-insumos\/"},"modified":"2026-03-01T14:51:38","modified_gmt":"2026-03-01T17:51:38","slug":"agencia-minas-gerais-governo-de-minas-reforca-rede-de-saude-de-uba-com-envio-de-remedios-e-insumos","status":"publish","type":"post","link":"https:\/\/ipatingafc.com.br\/index.php\/2026\/03\/01\/agencia-minas-gerais-governo-de-minas-reforca-rede-de-saude-de-uba-com-envio-de-remedios-e-insumos\/","title":{"rendered":"Ag\u00eancia Minas Gerais | Governo de Minas refor\u00e7a rede de sa\u00fade de Ub\u00e1 com envio de rem\u00e9dios e insumos"},"content":{"rendered":"<p><\/p>\n<div>\n<p>O Governo de Minas, por meio da Secretaria de Estado de Sa\u00fade de Minas Gerais (SES-MG), iniciou o envio emergencial de rem\u00e9dios e insumos para Ub\u00e1, na Zona da Mata, em fun\u00e7\u00e3o dos fortes temporais que atingiram o munic\u00edpio nesta semana. A a\u00e7\u00e3o busca manter o funcionamento das unidades de sa\u00fade e evitar desabastecimento em um momento de maior demanda.<\/p>\n<p>Foram encaminhados antibi\u00f3ticos, medicamentos para tratamento da tuberculose, antivirais, vacinas e bolsas de colostomia, fundamentais para pacientes que dependem de cuidados cont\u00ednuos. Os medicamentos integram o componente estrat\u00e9gico da assist\u00eancia farmac\u00eautica e garantem a continuidade de tratamentos essenciais.<\/p>\n<p>O diretor da Ger\u00eancia Regional de Sa\u00fade de Ub\u00e1, Franklin Leandro Neto, destacou que a integra\u00e7\u00e3o entre os n\u00edveis de gest\u00e3o foi decisiva para a agilidade das primeiras a\u00e7\u00f5es.<\/p>\n<p>\u201cPossibilitamos a reposi\u00e7\u00e3o emergencial de medicamentos estrat\u00e9gicos na Farm\u00e1cia de Minas, refor\u00e7amos o estoque de vacinas e distribu\u00edmos insumos priorit\u00e1rios para garantir a continuidade dos servi\u00e7os de sa\u00fade. Nosso foco \u00e9 acelerar todas as frentes de apoio para mitigar os riscos sanit\u00e1rios decorrentes da exposi\u00e7\u00e3o \u00e0 \u00e1gua contaminada\u201d, afirmou.<\/p>\n<p>Tamb\u00e9m est\u00e1 prevista a chegada de tr\u00eas Kits Calamidade, cada um com 32 tipos de medicamentos e 16 insumos estrat\u00e9gicos. O conjunto pode atender at\u00e9 500 pessoas desabrigadas ou desalojadas por at\u00e9 tr\u00eas meses.<\/p>\n<p>Al\u00e9m da reposi\u00e7\u00e3o de medicamentos, o Estado refor\u00e7ou o estoque de vacinas e distribuiu insumos priorit\u00e1rios para reduzir riscos relacionados ao contato com \u00e1gua contaminada.<\/p>\n<p><strong>Apoio tamb\u00e9m em Matias Barbosa<\/strong><\/p>\n<p>Em Matias Barbosa, munic\u00edpio da \u00e1rea da Superintend\u00eancia Regional de Sa\u00fade de Juiz de Fora, equipes da SES-MG realizaram visita t\u00e9cnica para avaliar os danos nas unidades de sa\u00fade e alinhar medidas emergenciais com a gest\u00e3o local.\u00a0<\/p>\n<p>O subsecret\u00e1rio de Regionaliza\u00e7\u00e3o da SES-MG, Luiz Fernando Miranda, destacou que o munic\u00edpio foi fortemente atingido e que a atua\u00e7\u00e3o precisa ocorrer em v\u00e1rias frentes.<\/p>\n<p>\u201cA gente visitou os equipamentos de sa\u00fade, conversou com a secret\u00e1ria municipal e com o vice-prefeito e vimos que o munic\u00edpio foi muito impactado. H\u00e1 uma demanda imediata de assist\u00eancia \u00e0s pessoas atingidas, al\u00e9m da\u00a0necessidade de reestrutura\u00e7\u00e3o de unidades que foram danificadas. Vamos fazer o m\u00e1ximo poss\u00edvel para apoiar o munic\u00edpio\u201d, afirmou.\u00a0<\/p>\n<p><strong>Monitoramento permanente<\/strong><\/p>\n<p>A resposta \u00e0 situa\u00e7\u00e3o na regi\u00e3o ocorre de forma integrada entre a Superintend\u00eancia Regional de Sa\u00fade de Juiz de Fora, a Ger\u00eancia Regional de Sa\u00fade de Ub\u00e1 e o Centro de Opera\u00e7\u00f5es de Emerg\u00eancias da SES-MG.<\/p>\n<p>As Salas de Situa\u00e7\u00e3o seguem mobilizadas para acompanhar o cen\u00e1rio e coordenar as a\u00e7\u00f5es necess\u00e1rias para manter o atendimento \u00e0 popula\u00e7\u00e3o. A For\u00e7a Nacional do SUS\u00a0chegou \u00e0 regi\u00e3o nesta\u00a0quinta-feira (26), com equipe formada por quatro enfermeiros intensivistas, uma psic\u00f3loga e um m\u00e9dico.<\/p>\n<p>O Estado publicou, nesta quinta-feira (26\/2), a\u00a0Resolu\u00e7\u00e3o SES\/MG n\u00ba 10 934, que autoriza a antecipa\u00e7\u00e3o de parcelas de financiamento das estrat\u00e9gias estaduais de sa\u00fade. A medida integra o pacote de R$ 48,2 milh\u00f5es destinado para refor\u00e7ar a assist\u00eancia em Juiz de Fora, Ub\u00e1 e Matias Barbosa.<\/p>\n<p>\u201cPublicamos hoje a resolu\u00e7\u00e3o antecipando o pagamento de pol\u00edticas estaduais e, nos pr\u00f3ximos dias, ainda h\u00e1 um conjunto de a\u00e7\u00f5es que precisam ser realizadas. \u00c9 um esfor\u00e7o conjunto entre Estado, Uni\u00e3o e munic\u00edpio para fortalecer o sistema de sa\u00fade e torn\u00e1-lo mais preparado para situa\u00e7\u00f5es como essa\u201d, acrescentou o subsecret\u00e1rio\u00a0Luiz.<\/p>\n<p>\u00a0<\/p>\n<\/p><\/div>\n","protected":false},"excerpt":{"rendered":"<p>O Governo de Minas, por meio da Secretaria de Estado de Sa\u00fade de Minas Gerais&#8230;<\/p>\n","protected":false},"author":2,"featured_media":0,"comment_status":"","ping_status":"","sticky":false,"template":"","format":"standard","meta":{"footnotes":""},"categories":[2],"tags":[],"class_list":["post-38905","post","type-post","status-publish","format-standard","hentry","category-jogos-ao-vivo"],"amp_enabled":true,"_links":{"self":[{"href":"https:\/\/ipatingafc.com.br\/index.php\/wp-json\/wp\/v2\/posts\/38905","targetHints":{"allow":["GET"]}}],"collection":[{"href":"https:\/\/ipatingafc.com.br\/index.php\/wp-json\/wp\/v2\/posts"}],"about":[{"href":"https:\/\/ipatingafc.com.br\/index.php\/wp-json\/wp\/v2\/types\/post"}],"author":[{"embeddable":true,"href":"https:\/\/ipatingafc.com.br\/index.php\/wp-json\/wp\/v2\/users\/2"}],"replies":[{"embeddable":true,"href":"https:\/\/ipatingafc.com.br\/index.php\/wp-json\/wp\/v2\/comments?post=38905"}],"version-history":[{"count":0,"href":"https:\/\/ipatingafc.com.br\/index.php\/wp-json\/wp\/v2\/posts\/38905\/revisions"}],"wp:attachment":[{"href":"https:\/\/ipatingafc.com.br\/index.php\/wp-json\/wp\/v2\/media?parent=38905"}],"wp:term":[{"taxonomy":"category","embeddable":true,"href":"https:\/\/ipatingafc.com.br\/index.php\/wp-json\/wp\/v2\/categories?post=38905"},{"taxonomy":"post_tag","embeddable":true,"href":"https:\/\/ipatingafc.com.br\/index.php\/wp-json\/wp\/v2\/tags?post=38905"}],"curies":[{"name":"wp","href":"https:\/\/api.w.org\/{rel}","templated":true}]}}