{"id":38938,"date":"2026-03-02T04:58:37","date_gmt":"2026-03-02T07:58:37","guid":{"rendered":"https:\/\/ipatingafc.com.br\/index.php\/2026\/03\/02\/agencia-minas-gerais-governo-de-minas-promove-treinamento-para-operadores-do-transporte-metropolitano-voltado-ao-atendimento-de-pessoas-com-deficiencia-2\/"},"modified":"2026-03-02T04:58:37","modified_gmt":"2026-03-02T07:58:37","slug":"agencia-minas-gerais-governo-de-minas-promove-treinamento-para-operadores-do-transporte-metropolitano-voltado-ao-atendimento-de-pessoas-com-deficiencia-2","status":"publish","type":"post","link":"https:\/\/ipatingafc.com.br\/index.php\/2026\/03\/02\/agencia-minas-gerais-governo-de-minas-promove-treinamento-para-operadores-do-transporte-metropolitano-voltado-ao-atendimento-de-pessoas-com-deficiencia-2\/","title":{"rendered":"Ag\u00eancia Minas Gerais | Governo de Minas promove treinamento para operadores do transporte metropolitano voltado ao atendimento de pessoas com defici\u00eancia"},"content":{"rendered":"<p><\/p>\n<div>\n<p>O Governo de Minas, por meio das Secretarias de Estado de Infraestrutura, Mobilidade e Parcerias (Seinfra) e de Desenvolvimento Social (Sedese), em parceria com o Sindicato das Empresas de Transporte de Passageiros Metropolitano (Sintram), promoveu o treinamento \u201cOrienta\u00e7\u00f5es para atendimento e apoio ao p\u00fablico com defici\u00eancia no transporte coletivo da Regi\u00e3o Metropolitana de Belo Horizonte\u201d.<\/p>\n<p>A capacita\u00e7\u00e3o reuniu cerca de 200 profissionais que atuam diariamente nos terminais e esta\u00e7\u00f5es do Move Metropolitano. O conte\u00fado abordou temas como os direitos fundamentais da pessoa com defici\u00eancia, a import\u00e2ncia do atendimento humanizado e os dispositivos da Lei Brasileira de Inclus\u00e3o (Lei n\u00ba 13.146\/2015).<\/p>\n<p>As atividades foram conduzidas pelo instrutor Wesley Barbosa Severino, pessoa com defici\u00eancia e especialista em pol\u00edticas p\u00fablicas voltadas \u00e0 inclus\u00e3o. Durante o treinamento, ele destacou a import\u00e2ncia da empatia no atendimento.<\/p>\n<p>\u201cO principal objetivo \u00e9 promover uma mudan\u00e7a de olhar dos operadores, para que possam se colocar no lugar do outro. Com isso, esperamos contribuir para a melhoria do atendimento \u00e0s pessoas com defici\u00eancia e mobilidade reduzida\u201d, explicou\u00a0Wesley.<\/p>\n<p>O superintendente de Transporte Coletivo Intermunicipal e Metropolitano da Seinfra, Diovane de S\u00e1, ressaltou o efeito multiplicador da iniciativa. \u201cA proposta \u00e9 que os profissionais capacitados compartilhem o conhecimento com outros colaboradores, por meio de treinamentos internos nas empresas respons\u00e1veis pela opera\u00e7\u00e3o do transporte metropolitano\u201d, afirmou.<\/p>\n<p>Para o diretor estadual de Pol\u00edticas para Pessoas com Defici\u00eancia da Sedese, Daniel Ara\u00fajo Souza, a a\u00e7\u00e3o refor\u00e7a o compromisso do Estado com a inclus\u00e3o. \u201cParcerias como essa s\u00e3o fundamentais para fortalecer uma cultura de empatia, respeito e acolhimento, garantindo que cada pessoa com defici\u00eancia seja reconhecida em sua individualidade e tenha seus direitos assegurados\u201d, concluiu.<\/p>\n<p>\u00a0<\/p>\n<figure class=\"image\" style=\"float:left\">&#13;<figcaption><em><sub>Seinfra \/ Divulga\u00e7\u00e3o\u00a0<\/sub><\/em><\/figcaption>&#13;<br \/>\n<\/figure>\n<p><strong>Aulas pr\u00e1ticas refor\u00e7am aprendizado<\/strong><\/p>\n<p>Al\u00e9m do conte\u00fado te\u00f3rico, a capacita\u00e7\u00e3o incluiu atividades pr\u00e1ticas realizadas no Terminal Metropolitano Bernardo Monteiro, na regi\u00e3o Hospitalar de Belo Horizonte.<\/p>\n<p>Com o uso de vendas, cadeiras de rodas, bengalas e muletas, os participantes vivenciaram situa\u00e7\u00f5es que simulam desafios enfrentados por pessoas com defici\u00eancia no dia a dia do transporte coletivo.<\/p>\n<p>A proposta \u00e9 ampliar a compreens\u00e3o sobre barreiras f\u00edsicas e atitudinais, al\u00e9m de qualificar o atendimento prestado nos terminais e dentro dos \u00f4nibus.<\/p>\n<p>Fiscal de \u00f4nibus, o participante Luiz Carlos Anast\u00e1cio participou da din\u00e2mica utilizando venda e bengala para simular a experi\u00eancia de uma pessoa com defici\u00eancia visual.<\/p>\n<p>\u201cO nosso dia a dia \u00e9 conduzir essas pessoas nos terminais e dentro dos \u00f4nibus. Isso vai fazer muita diferen\u00e7a no meu trabalho. Gostei muito do treinamento porque vou levar para a pr\u00e1tica essa experi\u00eancia que estou vivenciando aqui\u201d, destacou.\u00a0<\/p>\n<\/p><\/div>\n","protected":false},"excerpt":{"rendered":"<p>O Governo de Minas, por meio das Secretarias de Estado de Infraestrutura, Mobilidade e Parcerias&#8230;<\/p>\n","protected":false},"author":2,"featured_media":0,"comment_status":"","ping_status":"","sticky":false,"template":"","format":"standard","meta":{"footnotes":""},"categories":[2],"tags":[],"class_list":["post-38938","post","type-post","status-publish","format-standard","hentry","category-jogos-ao-vivo"],"amp_enabled":true,"_links":{"self":[{"href":"https:\/\/ipatingafc.com.br\/index.php\/wp-json\/wp\/v2\/posts\/38938","targetHints":{"allow":["GET"]}}],"collection":[{"href":"https:\/\/ipatingafc.com.br\/index.php\/wp-json\/wp\/v2\/posts"}],"about":[{"href":"https:\/\/ipatingafc.com.br\/index.php\/wp-json\/wp\/v2\/types\/post"}],"author":[{"embeddable":true,"href":"https:\/\/ipatingafc.com.br\/index.php\/wp-json\/wp\/v2\/users\/2"}],"replies":[{"embeddable":true,"href":"https:\/\/ipatingafc.com.br\/index.php\/wp-json\/wp\/v2\/comments?post=38938"}],"version-history":[{"count":0,"href":"https:\/\/ipatingafc.com.br\/index.php\/wp-json\/wp\/v2\/posts\/38938\/revisions"}],"wp:attachment":[{"href":"https:\/\/ipatingafc.com.br\/index.php\/wp-json\/wp\/v2\/media?parent=38938"}],"wp:term":[{"taxonomy":"category","embeddable":true,"href":"https:\/\/ipatingafc.com.br\/index.php\/wp-json\/wp\/v2\/categories?post=38938"},{"taxonomy":"post_tag","embeddable":true,"href":"https:\/\/ipatingafc.com.br\/index.php\/wp-json\/wp\/v2\/tags?post=38938"}],"curies":[{"name":"wp","href":"https:\/\/api.w.org\/{rel}","templated":true}]}}