{"id":38970,"date":"2026-03-02T18:18:38","date_gmt":"2026-03-02T21:18:38","guid":{"rendered":"https:\/\/ipatingafc.com.br\/index.php\/2026\/03\/02\/prefeitura-convida-para-roda-de-conversa-sobre-acesso-a-justica-para-as-mulheres-prefeitura-estancia-turistica-guaratingueta\/"},"modified":"2026-03-02T18:18:38","modified_gmt":"2026-03-02T21:18:38","slug":"prefeitura-convida-para-roda-de-conversa-sobre-acesso-a-justica-para-as-mulheres-prefeitura-estancia-turistica-guaratingueta","status":"publish","type":"post","link":"https:\/\/ipatingafc.com.br\/index.php\/2026\/03\/02\/prefeitura-convida-para-roda-de-conversa-sobre-acesso-a-justica-para-as-mulheres-prefeitura-estancia-turistica-guaratingueta\/","title":{"rendered":"Prefeitura convida para Roda de Conversa sobre acesso \u00e0 justi\u00e7a para as mulheres \u2013 Prefeitura Est\u00e2ncia Tur\u00edstica Guaratinguet\u00e1"},"content":{"rendered":"<p><\/p>\n<div>\n<p>A Prefeitura de Guaratinguet\u00e1, por meio das Secretarias de Pol\u00edticas para as Mulheres e Sa\u00fade, convidam a popula\u00e7\u00e3o para participar de uma roda de conversa com o tema:<\/p>\n<p>\u201cDa lei \u00e0 vida real: por que o acesso \u00e0 justi\u00e7a ainda n\u00e3o \u00e9 igual para todas?\u201d<\/p>\n<p>O encontro acontece nesta ter\u00e7a-feira (03), \u00e0s 10h, na UBS Jardim do Vale.<\/p>\n<p>A iniciativa tem como objetivo promover o di\u00e1logo, a conscientiza\u00e7\u00e3o e a troca de experi\u00eancias, fortalecendo a informa\u00e7\u00e3o e o acesso aos direitos das mulheres.<\/p>\n<\/p><\/div>\n","protected":false},"excerpt":{"rendered":"<p>A Prefeitura de Guaratinguet\u00e1, por meio das Secretarias de Pol\u00edticas para as Mulheres e Sa\u00fade,&#8230;<\/p>\n","protected":false},"author":2,"featured_media":0,"comment_status":"","ping_status":"","sticky":false,"template":"","format":"standard","meta":{"footnotes":""},"categories":[2],"tags":[],"class_list":["post-38970","post","type-post","status-publish","format-standard","hentry","category-jogos-ao-vivo"],"amp_enabled":true,"_links":{"self":[{"href":"https:\/\/ipatingafc.com.br\/index.php\/wp-json\/wp\/v2\/posts\/38970","targetHints":{"allow":["GET"]}}],"collection":[{"href":"https:\/\/ipatingafc.com.br\/index.php\/wp-json\/wp\/v2\/posts"}],"about":[{"href":"https:\/\/ipatingafc.com.br\/index.php\/wp-json\/wp\/v2\/types\/post"}],"author":[{"embeddable":true,"href":"https:\/\/ipatingafc.com.br\/index.php\/wp-json\/wp\/v2\/users\/2"}],"replies":[{"embeddable":true,"href":"https:\/\/ipatingafc.com.br\/index.php\/wp-json\/wp\/v2\/comments?post=38970"}],"version-history":[{"count":0,"href":"https:\/\/ipatingafc.com.br\/index.php\/wp-json\/wp\/v2\/posts\/38970\/revisions"}],"wp:attachment":[{"href":"https:\/\/ipatingafc.com.br\/index.php\/wp-json\/wp\/v2\/media?parent=38970"}],"wp:term":[{"taxonomy":"category","embeddable":true,"href":"https:\/\/ipatingafc.com.br\/index.php\/wp-json\/wp\/v2\/categories?post=38970"},{"taxonomy":"post_tag","embeddable":true,"href":"https:\/\/ipatingafc.com.br\/index.php\/wp-json\/wp\/v2\/tags?post=38970"}],"curies":[{"name":"wp","href":"https:\/\/api.w.org\/{rel}","templated":true}]}}