{"id":38983,"date":"2026-03-02T23:00:42","date_gmt":"2026-03-03T02:00:42","guid":{"rendered":"https:\/\/ipatingafc.com.br\/index.php\/2026\/03\/02\/prefeitura-de-sorocaba-participa-da-abertura-da-semana-de-comemoracao-dos-375-anos-da-camara-municipal-agencia-de-noticias\/"},"modified":"2026-03-02T23:00:42","modified_gmt":"2026-03-03T02:00:42","slug":"prefeitura-de-sorocaba-participa-da-abertura-da-semana-de-comemoracao-dos-375-anos-da-camara-municipal-agencia-de-noticias","status":"publish","type":"post","link":"https:\/\/ipatingafc.com.br\/index.php\/2026\/03\/02\/prefeitura-de-sorocaba-participa-da-abertura-da-semana-de-comemoracao-dos-375-anos-da-camara-municipal-agencia-de-noticias\/","title":{"rendered":"Prefeitura de Sorocaba participa da abertura da semana de comemora\u00e7\u00e3o dos 375 anos da C\u00e2mara Municipal \u2013 Ag\u00eancia de Not\u00edcias"},"content":{"rendered":"<p><\/p>\n<div wp_automatic_readability=\"31\">\n<div class=\"col\" wp_automatic_readability=\"7\">\n<p class=\"mt-0\">\n                        <strong><br \/>\n                            <span class=\"far fa-calendar mr-1 mt-2\"\/><br \/>\n                            2 de mar\u00e7o de 2026<br \/>\n                            <span class=\"far fa-clock ml-3 mt-2\"\/><br \/>\n                            17:20<br \/>\n                        <\/strong>\n                    <\/p>\n<p class=\"mb-0\">Por: <strong>Evelyn Azevedo<\/strong><\/p>\n<\/p><\/div>\n<\/p><\/div>\n<div wp_automatic_readability=\"90.146692233941\">\n<p><em>Fotos: Michelle Alves \u2013 Secom<\/em><\/p>\n<p>A Prefeitura de Sorocaba participou, na manh\u00e3 desta segunda-feira (2), do evento de abertura das comemora\u00e7\u00f5es dos 365 anos da C\u00e2mara Municipal. A data \u00e9 celebrada com uma programa\u00e7\u00e3o especial que acontece durante esta semana.<\/p>\n<p>Presento no ato, o prefeito Fernando Martins Costa Neto enalteceu o trabalho desenvolvido pelo Legislativo Municipal. \u201cPrestigiar essa data \u00e9, tamb\u00e9m, refor\u00e7ar o importante papel que a Casa de Leis desempenha em nossa cidade. \u00c9 o trabalho em conjunto entre Prefeitura e C\u00e2mara que garante o desenvolvimento de Sorocaba e protege nossa popula\u00e7\u00e3o\u201d, disse.<\/p>\n<p>Durante a cerim\u00f4nia, foram abertas para visita\u00e7\u00e3o gratuita tr\u00eas exposi\u00e7\u00f5es que contam a hist\u00f3ria do Legislativo com os temas: \u201c365 anos \u2013 o progresso da cidade passa por aqui\u201d, \u201cElas no Legislativo Sorocabano\u201d e \u201cPresidentes do Legislativo\u201d.<\/p>\n<p>\u201c\u00c9 um imenso prazer estar aqui nessa semana comemorativa representando a C\u00e2mara Municipal de Sorocaba, \u00f3rg\u00e3o que atua para fortalecer a\u00e7\u00f5es em prol dos sorocabanos. Quero externar o agradecimento a todos que colaboraram para que essa programa\u00e7\u00e3o fosse poss\u00edvel\u201d, destacou o presidente da casa, vereador Luis Santos.<\/p>\n<p>As atividades incluem uma cerim\u00f4nia comemorativa, nesta segunda-feira (2), \u00e0s 19h, pelos 72 anos do Instituto Hist\u00f3rico, Geogr\u00e1fico e Geneal\u00f3gico de Sorocaba (IHGGS). J\u00e1 nesta ter\u00e7a-feira (3), \u00e0s 8h45, ser\u00e3o prestadas homenagens a servidores e autoridades, e, \u00e0s 16h, ser\u00e1 realizado um ato c\u00edvico na Pra\u00e7a Vereador Florindo Sanchez, em frente \u00e0 C\u00e2mara.<\/p>\n<p>Na quarta-feira (4), \u00e0s 19h08, acontece, no Teatro Municipal \u201cTeot\u00f4nio Vilela\u201d (TMTV), o musical \u201cC\u00e2mara 365 anos\u201d, desenvolvido pelos servidores da C\u00e2mara. O espet\u00e1culo \u00e9 gratuito e os interessados devem se inscrever pelo site: https:\/\/www.sympla.com.br\/evento\/musical-camara-365-anos\/3316267.<\/p>\n<p>Para encerrar a programa\u00e7\u00e3o especial ser\u00e1 lan\u00e7ado, na quinta-feira (5), \u00e0s 8h45, o document\u00e1rio \u201c365 anos \u2013 C\u00e2mara Municipal de Sorocaba\u201d, produzido pela TV C\u00e2mara Sorocaba.<\/p>\n<p><!-- Root element of PhotoSwipe. Must have class pswp. --><\/p><\/div>\n","protected":false},"excerpt":{"rendered":"<p>2 de mar\u00e7o de 2026 17:20 Por: Evelyn Azevedo Fotos: Michelle Alves \u2013 Secom A&#8230;<\/p>\n","protected":false},"author":2,"featured_media":0,"comment_status":"","ping_status":"","sticky":false,"template":"","format":"standard","meta":{"footnotes":""},"categories":[2],"tags":[],"class_list":["post-38983","post","type-post","status-publish","format-standard","hentry","category-jogos-ao-vivo"],"amp_enabled":true,"_links":{"self":[{"href":"https:\/\/ipatingafc.com.br\/index.php\/wp-json\/wp\/v2\/posts\/38983","targetHints":{"allow":["GET"]}}],"collection":[{"href":"https:\/\/ipatingafc.com.br\/index.php\/wp-json\/wp\/v2\/posts"}],"about":[{"href":"https:\/\/ipatingafc.com.br\/index.php\/wp-json\/wp\/v2\/types\/post"}],"author":[{"embeddable":true,"href":"https:\/\/ipatingafc.com.br\/index.php\/wp-json\/wp\/v2\/users\/2"}],"replies":[{"embeddable":true,"href":"https:\/\/ipatingafc.com.br\/index.php\/wp-json\/wp\/v2\/comments?post=38983"}],"version-history":[{"count":0,"href":"https:\/\/ipatingafc.com.br\/index.php\/wp-json\/wp\/v2\/posts\/38983\/revisions"}],"wp:attachment":[{"href":"https:\/\/ipatingafc.com.br\/index.php\/wp-json\/wp\/v2\/media?parent=38983"}],"wp:term":[{"taxonomy":"category","embeddable":true,"href":"https:\/\/ipatingafc.com.br\/index.php\/wp-json\/wp\/v2\/categories?post=38983"},{"taxonomy":"post_tag","embeddable":true,"href":"https:\/\/ipatingafc.com.br\/index.php\/wp-json\/wp\/v2\/tags?post=38983"}],"curies":[{"name":"wp","href":"https:\/\/api.w.org\/{rel}","templated":true}]}}