{"id":38984,"date":"2026-03-02T23:18:57","date_gmt":"2026-03-03T02:18:57","guid":{"rendered":"https:\/\/ipatingafc.com.br\/index.php\/2026\/03\/02\/gonet-limita-pagamento-de-penduricalhos-no-mp-apos-decisao-do-stf\/"},"modified":"2026-03-02T23:18:57","modified_gmt":"2026-03-03T02:18:57","slug":"gonet-limita-pagamento-de-penduricalhos-no-mp-apos-decisao-do-stf","status":"publish","type":"post","link":"https:\/\/ipatingafc.com.br\/index.php\/2026\/03\/02\/gonet-limita-pagamento-de-penduricalhos-no-mp-apos-decisao-do-stf\/","title":{"rendered":"Gonet limita pagamento de penduricalhos no MP ap\u00f3s decis\u00e3o do STF"},"content":{"rendered":"<p><\/p>\n<div wp_automatic_readability=\"50.034808552959\">\n<p><strong>O procurador-geral da Rep\u00fablica, Paulo Gonet, enviou aos demais ramos do Minist\u00e9rio P\u00fablico uma recomenda\u00e7\u00e3o para que o pagamento de penduricalhos retroativos respeite o teto remunerat\u00f3rio constitucional de R$ 46,3 mil<\/strong>.<\/p>\n<p>Penduricalhos s\u00e3o benef\u00edcios, que, somados ao sal\u00e1rio, ultrapassam\u00a0o teto constitucional.<\/p>\n<p>A informa\u00e7\u00e3o est\u00e1 em uma manifesta\u00e7\u00e3o enviada nesta segunda-feira (2) pelo Conselho Nacional do Minist\u00e9rio P\u00fablico (CNMP), \u00f3rg\u00e3o presidido por Gonet, ao ministro Gilmar Mendes, do Supremo Tribunal Federal (STF)<\/p>\n<p><strong>Ex-secret\u00e1ria do Careca do INSS diz que tinha acesso a cofre<\/strong><\/p>\n<p><strong>Enquete BBB26; parcial aponta participante com mais de 55% dos votos no Pared\u00e3o Falso<\/strong><\/p>\n<p>Na \u00faltima sexta-feira (27), Mendes reafirmou sua decis\u00e3o que proibiu o pagamento de penduricalhos a membros Minist\u00e9rio P\u00fablico e dos Tribunais de Justi\u00e7a e vetou a realiza\u00e7\u00e3o de\u00a0reprograma\u00e7\u00f5es financeiras para acelerar os repasses retroativos.<\/p>\n<p>Al\u00e9m disso, o\u00a0ministro tamb\u00e9m determinou que o CNMP preste esclarecimentos sobre o cumprimento da decis\u00e3o.<\/p>\n<p>Nos\u00a0esclarecimentos, a corregedoria do conselho informou que a recomenda\u00e7\u00e3o \u00e9 para que n\u00e3o sejam feitos pagamentos extrateto.<\/p>\n<p>\u201cA recomenda\u00e7\u00e3o estabelece que o somat\u00f3rio dos pagamentos retroativos n\u00e3o poder\u00e1 ultrapassar o limite mensal de R$ 46.366,19, devendo o pagamento ser interrompido ap\u00f3s o prazo de 45 dias fixado na ADI n. 6.606\/MG, ficando vedada a antecipa\u00e7\u00e3o de verbas programadas para meses subsequentes, bem como a realiza\u00e7\u00e3o de qualquer reprograma\u00e7\u00e3o financeira destinada a concentrar, acelerar ou ampliar desembolsos\u201d, afirmou o conselho.<\/p>\n<p><strong>Haddad: conflito n\u00e3o deve impactar economia brasileira imediatamente<\/strong><\/p>\n<p><strong>Cantora Adriana Ara\u00fajo falece aos 49 anos \u2014 uma das principais vozes do samba<\/strong><\/p>\n<p>Na semana passada, o Supremo adiou para 25 de mar\u00e7o a vota\u00e7\u00e3o definitiva das decis\u00f5es de Gilmar Mendes e de Fl\u00e1vio Dino que suspenderam o pagamento de\u00a0penduricalhos nos Tr\u00eas Poderes.\u00a0<\/p>\n<\/div>\n","protected":false},"excerpt":{"rendered":"<p>O procurador-geral da Rep\u00fablica, Paulo Gonet, enviou aos demais ramos do Minist\u00e9rio P\u00fablico uma recomenda\u00e7\u00e3o&#8230;<\/p>\n","protected":false},"author":2,"featured_media":0,"comment_status":"","ping_status":"","sticky":false,"template":"","format":"standard","meta":{"footnotes":""},"categories":[2],"tags":[],"class_list":["post-38984","post","type-post","status-publish","format-standard","hentry","category-jogos-ao-vivo"],"amp_enabled":true,"_links":{"self":[{"href":"https:\/\/ipatingafc.com.br\/index.php\/wp-json\/wp\/v2\/posts\/38984","targetHints":{"allow":["GET"]}}],"collection":[{"href":"https:\/\/ipatingafc.com.br\/index.php\/wp-json\/wp\/v2\/posts"}],"about":[{"href":"https:\/\/ipatingafc.com.br\/index.php\/wp-json\/wp\/v2\/types\/post"}],"author":[{"embeddable":true,"href":"https:\/\/ipatingafc.com.br\/index.php\/wp-json\/wp\/v2\/users\/2"}],"replies":[{"embeddable":true,"href":"https:\/\/ipatingafc.com.br\/index.php\/wp-json\/wp\/v2\/comments?post=38984"}],"version-history":[{"count":0,"href":"https:\/\/ipatingafc.com.br\/index.php\/wp-json\/wp\/v2\/posts\/38984\/revisions"}],"wp:attachment":[{"href":"https:\/\/ipatingafc.com.br\/index.php\/wp-json\/wp\/v2\/media?parent=38984"}],"wp:term":[{"taxonomy":"category","embeddable":true,"href":"https:\/\/ipatingafc.com.br\/index.php\/wp-json\/wp\/v2\/categories?post=38984"},{"taxonomy":"post_tag","embeddable":true,"href":"https:\/\/ipatingafc.com.br\/index.php\/wp-json\/wp\/v2\/tags?post=38984"}],"curies":[{"name":"wp","href":"https:\/\/api.w.org\/{rel}","templated":true}]}}