{"id":39082,"date":"2026-03-04T10:09:48","date_gmt":"2026-03-04T13:09:48","guid":{"rendered":"https:\/\/ipatingafc.com.br\/index.php\/2026\/03\/04\/governo-reconhece-situacao-de-emergencia-em-cidades-de-mg-rj-e-sp\/"},"modified":"2026-03-04T10:09:48","modified_gmt":"2026-03-04T13:09:48","slug":"governo-reconhece-situacao-de-emergencia-em-cidades-de-mg-rj-e-sp","status":"publish","type":"post","link":"https:\/\/ipatingafc.com.br\/index.php\/2026\/03\/04\/governo-reconhece-situacao-de-emergencia-em-cidades-de-mg-rj-e-sp\/","title":{"rendered":"Governo reconhece situa\u00e7\u00e3o de emerg\u00eancia em cidades de MG, RJ e SP"},"content":{"rendered":"<p><\/p>\n<div wp_automatic_readability=\"41.220216606498\">\n<p><strong>As tempestades que atingiram estados da Regi\u00e3o Sudeste nos \u00faltimos dias levaram o Minist\u00e9rio da Integra\u00e7\u00e3o e do Desenvolvimento Regional a reconhecer situa\u00e7\u00e3o de emerg\u00eancia em 16 cidades de Minas Gerais, Rio de Janeiro e S\u00e3o Paulo.<\/strong><\/p>\n<p>A medida est\u00e1 publicada na edi\u00e7\u00e3o desta quarta-feira (4) do Di\u00e1rio Oficial da Uni\u00e3o.<\/p>\n<p>A maioria das cidades citada no documento est\u00e3o em Minhas Gerais. Oito tiveram a \u00a0situa\u00e7\u00e3o decretada em decorr\u00eancia de chuvas intensas e uma por conta de inunda\u00e7\u00f5es. O n\u00famero de mortos no estado passou de 70.<\/p>\n<p><strong>Cristo Redentor \u00e9 iluminado com mensagens de campanha contra viol\u00eancia<\/strong><\/p>\n<p><strong>\u00c1rea ocupada por favelas quase triplicou em 40 anos no Brasil<\/strong><\/p>\n<p><strong>Ou\u00e7a detalhes na Radioag\u00eancia Nacional:<\/strong><br \/>\u00a0<\/p>\n<h2>Rio de Janeiro<\/h2>\n<p>O documento cita quatro munic\u00edpios fluminenses. Todos em decorr\u00eancia das tempestades. O estado registrou mais de 100 ocorr\u00eancias relacionadas \u00e0s chuvas.\u00a0<\/p>\n<h2>S\u00e3o Paulo<\/h2>\n<p>Dois munic\u00edpios paulistas constam na lista: Peru\u00edbe e Ubatuba.\u00a0Em Ubatuba, choveu por 12 horas volume de chuva equivalente \u00e0 m\u00e9dia hist\u00f3rica de todo o m\u00eas de fevereiro.<\/p>\n<h2>Recursos federais<\/h2>\n<p>O reconhecimento federal de situa\u00e7\u00e3o de emerg\u00eancia ou estado de calamidade p\u00fablica \u00e9 uma das <strong>exig\u00eancias para que estados e munic\u00edpios acessem\u00a0recursos federais para restabelecimento e assist\u00eancia humanit\u00e1ria.<\/strong><\/p>\n<p><strong>Pr\u00e9-Libertadores: Botafogo arranca empate com Barcelona em Guayaquil<\/strong><\/p>\n<p><strong>Alcolumbre mant\u00e9m sess\u00e3o da CPMI do INSS que quebrou sigilo de Lulinha<\/strong><\/p>\n<p>Para isso, as localidades precisam\u00a0apresentar planos de trabalho\u00a0e metas de atua\u00e7\u00e3o, por meio do S2iD \u2013 Sistema Integrado de Informa\u00e7\u00f5es sobre Desastres.<\/p>\n<p>O tr\u00e2mite\u00a0para solicita\u00e7\u00e3o de recursos est\u00e1 detalhado no portal do Minist\u00e9rio da Integra\u00e7\u00e3o e do Desenvolvimento Regional, assim como orienta\u00e7\u00f5es pr\u00e1ticas sobre como usar o S2iD.<\/p>\n<p><strong>Veja os munic\u00edpios que tiveram a situa\u00e7\u00e3o e de emerg\u00eancia decretada nesta quarta-feira (4):<\/strong><\/p>\n<table border=\"1\" cellpadding=\"1\" cellspacing=\"1\" style=\"width:500px;\">\n<tbody>\n<tr>\n<td>UF<\/td>\n<td>Munic\u00edpio<\/td>\n<\/tr>\n<tr>\n<td>MG<\/td>\n<td>\u00c1gua Boa<\/td>\n<\/tr>\n<tr>\n<td>MG<\/td>\n<td>Areado<\/td>\n<\/tr>\n<tr>\n<td>MG<\/td>\n<td>Cataguases<\/td>\n<\/tr>\n<tr>\n<td>MG<\/td>\n<td>Ewbank da C\u00e2mara<\/td>\n<\/tr>\n<tr>\n<td>MG<\/td>\n<td>Gouveia<\/td>\n<\/tr>\n<tr>\n<td>MG<\/td>\n<td>Itamarati de Minas<\/td>\n<\/tr>\n<tr>\n<td>MG<\/td>\n<td>Jaboticatubas<\/td>\n<\/tr>\n<tr>\n<td>MG<\/td>\n<td>Jo\u00e3o Pinheiro<\/td>\n<\/tr>\n<tr>\n<td>MG<\/td>\n<td>Mata Verde<\/td>\n<\/tr>\n<tr>\n<td>MG<\/td>\n<td>Pot\u00e9<\/td>\n<\/tr>\n<tr>\n<td>RJ<\/td>\n<td>Angra dos Reis<\/td>\n<\/tr>\n<tr>\n<td>RJ<\/td>\n<td>Mesquita<\/td>\n<\/tr>\n<tr>\n<td>RJ<\/td>\n<td>Nova Igua\u00e7u<\/td>\n<\/tr>\n<tr>\n<td>RJ<\/td>\n<td>S\u00e3o Jo\u00e3o de Meriti<\/td>\n<\/tr>\n<tr>\n<td>SP<\/td>\n<td>Peru\u00edbe<\/td>\n<\/tr>\n<tr>\n<td>SP<\/td>\n<td>Ubatuba<\/td>\n<\/tr>\n<\/tbody>\n<\/table>\n<p>\u00a0<\/p>\n<\/div>\n","protected":false},"excerpt":{"rendered":"<p>As tempestades que atingiram estados da Regi\u00e3o Sudeste nos \u00faltimos dias levaram o Minist\u00e9rio da&#8230;<\/p>\n","protected":false},"author":2,"featured_media":0,"comment_status":"","ping_status":"","sticky":false,"template":"","format":"standard","meta":{"footnotes":""},"categories":[2],"tags":[],"class_list":["post-39082","post","type-post","status-publish","format-standard","hentry","category-jogos-ao-vivo"],"amp_enabled":true,"_links":{"self":[{"href":"https:\/\/ipatingafc.com.br\/index.php\/wp-json\/wp\/v2\/posts\/39082","targetHints":{"allow":["GET"]}}],"collection":[{"href":"https:\/\/ipatingafc.com.br\/index.php\/wp-json\/wp\/v2\/posts"}],"about":[{"href":"https:\/\/ipatingafc.com.br\/index.php\/wp-json\/wp\/v2\/types\/post"}],"author":[{"embeddable":true,"href":"https:\/\/ipatingafc.com.br\/index.php\/wp-json\/wp\/v2\/users\/2"}],"replies":[{"embeddable":true,"href":"https:\/\/ipatingafc.com.br\/index.php\/wp-json\/wp\/v2\/comments?post=39082"}],"version-history":[{"count":0,"href":"https:\/\/ipatingafc.com.br\/index.php\/wp-json\/wp\/v2\/posts\/39082\/revisions"}],"wp:attachment":[{"href":"https:\/\/ipatingafc.com.br\/index.php\/wp-json\/wp\/v2\/media?parent=39082"}],"wp:term":[{"taxonomy":"category","embeddable":true,"href":"https:\/\/ipatingafc.com.br\/index.php\/wp-json\/wp\/v2\/categories?post=39082"},{"taxonomy":"post_tag","embeddable":true,"href":"https:\/\/ipatingafc.com.br\/index.php\/wp-json\/wp\/v2\/tags?post=39082"}],"curies":[{"name":"wp","href":"https:\/\/api.w.org\/{rel}","templated":true}]}}