{"id":39121,"date":"2026-03-04T23:49:51","date_gmt":"2026-03-05T02:49:51","guid":{"rendered":"https:\/\/ipatingafc.com.br\/index.php\/2026\/03\/04\/senado-aprova-acordo-entre-mercosul-e-uniao-europeia\/"},"modified":"2026-03-04T23:49:51","modified_gmt":"2026-03-05T02:49:51","slug":"senado-aprova-acordo-entre-mercosul-e-uniao-europeia","status":"publish","type":"post","link":"https:\/\/ipatingafc.com.br\/index.php\/2026\/03\/04\/senado-aprova-acordo-entre-mercosul-e-uniao-europeia\/","title":{"rendered":"Senado aprova acordo entre Mercosul e Uni\u00e3o Europeia"},"content":{"rendered":"<p><\/p>\n<div wp_automatic_readability=\"55.007228915663\">\n<p><strong>O Senado Federal aprovou nesta quarta-feira (4), em vota\u00e7\u00e3o un\u00e2nime, o acordo comercial entre o Mercosul e a Uni\u00e3o Europeia.<\/strong><\/p>\n<p>Com o tratado, o bloco sul-americano, composto por Argentina, Brasil, Paraguai e Uruguai, vai zerar tarifas sobre 91% dos bens europeus em at\u00e9 15 anos. J\u00e1 Uni\u00e3o Europeia eliminar\u00e1 tarifas sobre 95% dos bens vendidos pelo Mercosul em at\u00e9 12 anos.<\/p>\n<p><strong>O Projeto de Decreto Legislativo (PDL) 41\/2026, que ratifica o acordo,\u00a0ainda precisa ser promulgado pelo presidente do Congresso, senador Davi Alcolumbre (Uni\u00e3o-AP), ato que concluir\u00e1 a internaliza\u00e7\u00e3o do pacto comercial pelo Parlamento brasileiro. Esta era a \u00faltima etapa para a entrada em vigor dos termos do tratado.<\/strong><\/p>\n<p><strong>Licen\u00e7a-paternidade de at\u00e9 20 dias \u00e9 aprovada no Senado\u00a0<\/strong><\/p>\n<p><strong>Mulher de 25 anos morre em grave acidente no DF; pai n\u00e3o resiste ao choque ao ver corpo da filha<\/strong><\/p>\n<p>Na pr\u00e1tica, o acordo estabelece a maior zona de livre com\u00e9rcio do mundo, com mais de 720 milh\u00f5es de habitantes.<\/p>\n<p>A Ag\u00eancia Brasileira de Promo\u00e7\u00e3o de Exporta\u00e7\u00f5es e Investimentos (ApexBrasil) estima que a implementa\u00e7\u00e3o do acordo pode incrementar as exporta\u00e7\u00f5es brasileiras em cerca de US$ 7 bilh\u00f5es e ampliar a diversifica\u00e7\u00e3o das vendas internacionais brasileiras, beneficiando inclusive \u00e0 ind\u00fastria nacional. Os parlamentos de Argentina e Uruguai j\u00e1 haviam aprovado o acordo na semana passada.<\/p>\n<p>Do lado da Uni\u00e3o Europeia, o Parlamento Europeu pediu, em janeiro, que o Tribunal de Justi\u00e7a do bloco fa\u00e7a uma avalia\u00e7\u00e3o jur\u00eddica sobre o acordo. Por\u00e9m, na \u00faltima semana, a presidente da Comiss\u00e3o Europeia, Usrula von der Leyen, afirmou que a UE aplicar\u00e1 o acordo de forma provis\u00f3ria a partir de maio, mesmo com a pend\u00eancia de an\u00e1lise judicial.<\/p>\n<p>O tratado conta com forte apoio de pa\u00edses como Alemanha e Espanha, mas enfrenta resist\u00eancias principalmente da Fran\u00e7a, que teme perda de concorr\u00eancia no setor agropecu\u00e1rio.<\/p>\n<p><strong>Governo regulamenta regras de salvaguardas em acordos comerciais<\/strong><\/p>\n<p><strong>Relato sobre morte do irm\u00e3o emociona e abala clima no BBB26<\/strong><\/p>\n<\/div>\n","protected":false},"excerpt":{"rendered":"<p>O Senado Federal aprovou nesta quarta-feira (4), em vota\u00e7\u00e3o un\u00e2nime, o acordo comercial entre o&#8230;<\/p>\n","protected":false},"author":2,"featured_media":0,"comment_status":"","ping_status":"","sticky":false,"template":"","format":"standard","meta":{"footnotes":""},"categories":[2],"tags":[],"class_list":["post-39121","post","type-post","status-publish","format-standard","hentry","category-jogos-ao-vivo"],"amp_enabled":true,"_links":{"self":[{"href":"https:\/\/ipatingafc.com.br\/index.php\/wp-json\/wp\/v2\/posts\/39121","targetHints":{"allow":["GET"]}}],"collection":[{"href":"https:\/\/ipatingafc.com.br\/index.php\/wp-json\/wp\/v2\/posts"}],"about":[{"href":"https:\/\/ipatingafc.com.br\/index.php\/wp-json\/wp\/v2\/types\/post"}],"author":[{"embeddable":true,"href":"https:\/\/ipatingafc.com.br\/index.php\/wp-json\/wp\/v2\/users\/2"}],"replies":[{"embeddable":true,"href":"https:\/\/ipatingafc.com.br\/index.php\/wp-json\/wp\/v2\/comments?post=39121"}],"version-history":[{"count":0,"href":"https:\/\/ipatingafc.com.br\/index.php\/wp-json\/wp\/v2\/posts\/39121\/revisions"}],"wp:attachment":[{"href":"https:\/\/ipatingafc.com.br\/index.php\/wp-json\/wp\/v2\/media?parent=39121"}],"wp:term":[{"taxonomy":"category","embeddable":true,"href":"https:\/\/ipatingafc.com.br\/index.php\/wp-json\/wp\/v2\/categories?post=39121"},{"taxonomy":"post_tag","embeddable":true,"href":"https:\/\/ipatingafc.com.br\/index.php\/wp-json\/wp\/v2\/tags?post=39121"}],"curies":[{"name":"wp","href":"https:\/\/api.w.org\/{rel}","templated":true}]}}