{"id":39148,"date":"2026-03-05T09:49:37","date_gmt":"2026-03-05T12:49:37","guid":{"rendered":"https:\/\/ipatingafc.com.br\/index.php\/2026\/03\/05\/agencia-minas-gerais-premiacoes-da-nota-fiscal-mineira-mudam-a-realidade-de-entidades-de-assistencia-social\/"},"modified":"2026-03-05T09:49:37","modified_gmt":"2026-03-05T12:49:37","slug":"agencia-minas-gerais-premiacoes-da-nota-fiscal-mineira-mudam-a-realidade-de-entidades-de-assistencia-social","status":"publish","type":"post","link":"https:\/\/ipatingafc.com.br\/index.php\/2026\/03\/05\/agencia-minas-gerais-premiacoes-da-nota-fiscal-mineira-mudam-a-realidade-de-entidades-de-assistencia-social\/","title":{"rendered":"Ag\u00eancia Minas Gerais | Premia\u00e7\u00f5es da Nota Fiscal Mineira mudam a realidade de entidades de assist\u00eancia social"},"content":{"rendered":"<p><\/p>\n<div>\n<section class=\"news-related \/ col-md-4 col-lg-3 \/ margin-md-bottom-2 margin-left-1 \/ pull-right \/ hidden-xs hidden-sm\">\n<header>\n<p class=\"text-title-section \/ margin-bottom-1\">Relacionadas<\/p>\n<\/header>\n<p>\t\t\t\t\t\t\t<main><\/p>\n<hr class=\"row margin-md-bottom-2\"\/>\n\t\t\t\t\t\t\t<\/main><br \/>\n\t\t\t\t\t\t<\/section>\n<p>A simples frase\u00a0&#8220;Quero o meu CPF na nota fiscal\u201d\u00a0est\u00e1 melhorando a vida de milhares de pessoas em Minas Gerais. O\u00a0gesto, que representa o exerc\u00edcio da cidadania, tamb\u00e9m tem significado solidariedade, j\u00e1 que o programa Nota Fiscal Mineira premia, al\u00e9m dos consumidores, entidades de assist\u00eancia social que atuam no estado. Desde agosto de 2024, quando foi lan\u00e7ado o programa, o Governo de Minas j\u00e1 distribuiu \u00e0s organiza\u00e7\u00f5es beneficentes 8,8 mil pr\u00eamios, de at\u00e9 30 mil, com valor total de repasse de\u00a0R$ 5,2 milh\u00f5es.<\/p>\n<p>Os valores em dinheiro contribu\u00edram para a manuten\u00e7\u00e3o das despesas do dia a dia e, em alguns casos, mudaram a realidade dessas organiza\u00e7\u00f5es.<\/p>\n<p>\u201cAcolhemos 24 idosos e n\u00e3o deixamos faltar nada para eles. A\u00a0premia\u00e7\u00e3o veio na hora certa, n\u00f3s est\u00e1vamos precisando muito\u201d, conta a presidente do Lar S\u00e3o Vicente \u2013 Centro de Conviv\u00eancia do Idoso, Rosa Maria Ferreira.<\/p>\n<p>A institui\u00e7\u00e3o de Estrela do Sul, no Tri\u00e2ngulo Mineiro, recebeu R$ 30 mil, vinculado ao pr\u00eamio especial de R$ 1 milh\u00e3o, sorteado em dezembro do ano passado, cuja ganhadora foi uma consumidora de Uberl\u00e2ndia. O dinheiro ser\u00e1 usado para uma obra emergencial. \u201cQuando chove, a \u00e1gua empossa na varanda e entra para a cozinha. Agora teremos condi\u00e7\u00f5es de fazer o escoamento\u201d, comemora Rosa.<\/p>\n<p>O secret\u00e1rio de Estado de Fazenda (SEF-MG), Luiz Claudio Gomes, explica que as organiza\u00e7\u00f5es precisam estar regulares no Cadastro Nacional de Entidades de Assist\u00eancia Social (CNEAS), cuja base de dados \u00e9 fornecida pela Secretaria de Estado de Desenvolvimento Social (Sedese-MG).<br \/>&#13;<br \/>\n\u00a0<\/p>\n<table align=\"center\" border=\"0\" cellpadding=\"1\" cellspacing=\"1\" style=\"width: 100%;\">&#13;<\/p>\n<tbody>&#13;<\/p>\n<tr>&#13;<\/p>\n<td colspan=\"5\" style=\"text-align: center; vertical-align: middle;\">&#13;<\/p>\n<p style=\"text-align:center\">\n<p>&#13;\n\t\t\t<\/td>\n<p>&#13;<br \/>\n\t\t<\/tr>\n<p>&#13;<\/p>\n<tr>&#13;<\/p>\n<td style=\"text-align: center; vertical-align: middle;\">\u00a0<\/td>\n<p>&#13;<\/p>\n<td colspan=\"3\" rowspan=\"3\" style=\"text-align: center; vertical-align: middle;\">&#13;<br \/>\n\t\t\t&#13;\n\t\t\t<\/td>\n<p>&#13;<\/p>\n<td style=\"text-align: center; vertical-align: middle;\">\u00a0<\/td>\n<p>&#13;<br \/>\n\t\t<\/tr>\n<p>&#13;<\/p>\n<tr>&#13;<\/p>\n<td style=\"text-align: center; vertical-align: middle;\">\u00a0<\/td>\n<p>&#13;<\/p>\n<td style=\"text-align: center; vertical-align: middle;\">\u00a0<\/td>\n<p>&#13;<br \/>\n\t\t<\/tr>\n<p>&#13;<\/p>\n<tr>&#13;<\/p>\n<td style=\"text-align: center; vertical-align: middle;\">\u00a0<\/td>\n<p>&#13;<\/p>\n<td style=\"text-align: center; vertical-align: middle;\">\u00a0<\/td>\n<p>&#13;<br \/>\n\t\t<\/tr>\n<p>&#13;<\/p>\n<tr>&#13;<\/p>\n<td colspan=\"5\" style=\"text-align: center; vertical-align: middle;\">&#13;<\/p>\n<p style=\"text-align:center\">\n<p>&#13;\n\t\t\t<\/td>\n<p>&#13;<br \/>\n\t\t<\/tr>\n<p>&#13;<br \/>\n\t<\/tbody>\n<p>&#13;<br \/>\n<\/table>\n<p>\u00a0<\/p>\n<p><strong>Realidade mudada<\/strong><\/p>\n<p>Organiza\u00e7\u00f5es de pequeno, m\u00e9dio ou grande porte s\u00e3o beneficiadas pela Nota Fiscal Mineira. Um exemplo \u00e9 o Instituto Mais Oportunidade, de Ribeir\u00e3o das Neves, na Regi\u00e3o Metropolitana de Belo Horizonte (RMBH), que j\u00e1 recebeu R$ 10.600.<\/p>\n<p>\u201cRefor\u00e7o a import\u00e2ncia de todo cidad\u00e3o se cadastrar no programa e indicar as entidades. O valor que recebemos ser\u00e1 aplicado na reforma da fachada e na amplia\u00e7\u00e3o de nossos servi\u00e7os. Desde 2019, j\u00e1 atendemos mais de 10 mil pessoas com oficinas de qualifica\u00e7\u00e3o e capacita\u00e7\u00e3o profissional, al\u00e9m de turmas de fortalecimento de v\u00ednculos com idosos\u201d, afirma o fundador do instituto, Leonardo Ermindo.<\/p>\n<p>Dentre as atividades oferecidas no local, h\u00e1 o curso de tape\u00e7aria com a t\u00e9cnica arraiolo, voltada a idosos. \u201cAno passado perdi meu esposo e fiquei muito depressiva. Este lugar me fez reerguer. Estar aqui no conv\u00edvio com as colegas me fez voltar a viver\u201d, conta N\u00e1dia da Silva Alves, de 60 anos, que h\u00e1 mais de seis meses frequenta o curso.<\/p>\n<p>Em Tim\u00f3teo, no Vale do A\u00e7o, a fundadora do Margaridas Projeto Pra Vida, Alda Castro, conta que j\u00e1 recebeu, somando\u00a0diversos sorteios, R$ 17.150. Os valores foram aplicados nas a\u00e7\u00f5es que atendem pessoas em vulnerabilidade social por meio de atividades como esportes, pilates, aulas de costura e bal\u00e9.<br \/>&#13;<br \/>\n\u00a0<\/p>\n<table align=\"center\" border=\"0\" cellpadding=\"1\" cellspacing=\"1\" style=\"width: 100%;\">&#13;<\/p>\n<tbody>&#13;<\/p>\n<tr>&#13;<\/p>\n<td colspan=\"5\" style=\"text-align: center; vertical-align: middle;\">&#13;<\/p>\n<p style=\"text-align:center\">\n<p>&#13;\n\t\t\t<\/td>\n<p>&#13;<br \/>\n\t\t<\/tr>\n<p>&#13;<\/p>\n<tr>&#13;<\/p>\n<td style=\"text-align: center; vertical-align: middle;\">\u00a0<\/td>\n<p>&#13;<\/p>\n<td colspan=\"3\" rowspan=\"3\" style=\"text-align: center; vertical-align: middle;\">&#13;<br \/>\n\t\t\t&#13;\n\t\t\t<\/td>\n<p>&#13;<\/p>\n<td style=\"text-align: center; vertical-align: middle;\">\u00a0<\/td>\n<p>&#13;<br \/>\n\t\t<\/tr>\n<p>&#13;<\/p>\n<tr>&#13;<\/p>\n<td style=\"text-align: center; vertical-align: middle;\">\u00a0<\/td>\n<p>&#13;<\/p>\n<td style=\"text-align: center; vertical-align: middle;\">\u00a0<\/td>\n<p>&#13;<br \/>\n\t\t<\/tr>\n<p>&#13;<\/p>\n<tr>&#13;<\/p>\n<td style=\"text-align: center; vertical-align: middle;\">\u00a0<\/td>\n<p>&#13;<\/p>\n<td style=\"text-align: center; vertical-align: middle;\">\u00a0<\/td>\n<p>&#13;<br \/>\n\t\t<\/tr>\n<p>&#13;<\/p>\n<tr>&#13;<\/p>\n<td colspan=\"5\" style=\"text-align: center; vertical-align: middle;\">&#13;<\/p>\n<p style=\"text-align:center\">\n<p>&#13;\n\t\t\t<\/td>\n<p>&#13;<br \/>\n\t\t<\/tr>\n<p>&#13;<br \/>\n\t<\/tbody>\n<p>&#13;<br \/>\n<\/table>\n<p>\u00a0<\/p>\n<p>J\u00e1 a Cruz Vermelha Brasileira &#8211; Filial Minas Gerais, com sede em Belo Horizonte, ganhou, em 2025, um acumulado de R$ 4.850. A institui\u00e7\u00e3o oferece cursos gratuitos de forma\u00e7\u00e3o de cuidadores de idosos e de crian\u00e7as com Transtorno do Espectro Autista (TEA), forma\u00e7\u00e3o de\u00a0jovens para o primeiro emprego, al\u00e9m de ter a\u00e7\u00f5es humanit\u00e1rias em diversas regi\u00f5es do estado. O impacto estimado \u00e9 de alcance de 22 mil pessoas beneficiadas, por ano, no estado.<\/p>\n<p>\u201cCom a\u00a0Nota Fiscal Mineira conseguimos ajudar ainda mais\u201d, afirma o diretor executivo da Cruz Vermelha, Bernardo Eliazar.<\/p>\n<p>A Associa\u00e7\u00e3o de Pais e Amigos dos Portadores de Defici\u00eancias Visuais e Associadas (Apadv), de Belo Horizonte, recebeu da Nota Fiscal Mineira, em 2025, R$ 20 mil. A entidade faz o atendimento cl\u00ednico e educacional de crian\u00e7as e adolescentes cegos, com baixa vis\u00e3o ou m\u00faltiplas defici\u00eancias.<\/p>\n<p>\u201cTivemos a not\u00edcia da premia\u00e7\u00e3o por e-mail. \u00c9 importante que as entidades mantenham sempre atualizados o cadastro e os canais de comunica\u00e7\u00e3o, e que ajudem a divulgar o programa para que todos sejam agraciados\u201d, refor\u00e7a a psicopedagoga e coordenadora da Apadv, \u00c2ngela Maria Barbosa Brini.<\/p>\n<p><strong>Cadastre-se!<\/strong><\/p>\n<p>Para participar dos sorteios, basta o consumidor baixar o aplicativo Nota Fiscal Mineira no celular e se cadastrar. No momento do cadastro, o cidad\u00e3o pode indicar at\u00e9 tr\u00eas entidades de assist\u00eancia social com sede em Minas Gerais. Vinculadas ao pr\u00eamio do consumidor, as entidades tamb\u00e9m recebem premia\u00e7\u00f5es em dinheiro.<\/p>\n<p>Uma vez cadastrado, o consumidor s\u00f3 precisar\u00e1 solicitar a nota fiscal com a inclus\u00e3o do CPF em todas as suas compras. Para mais informa\u00e7\u00f5es, acesse o site da\u00a0Nota Fiscal Mineira.<\/p>\n<\/p><\/div>\n","protected":false},"excerpt":{"rendered":"<p>Relacionadas A simples frase\u00a0&#8220;Quero o meu CPF na nota fiscal\u201d\u00a0est\u00e1 melhorando a vida de milhares&#8230;<\/p>\n","protected":false},"author":2,"featured_media":0,"comment_status":"","ping_status":"","sticky":false,"template":"","format":"standard","meta":{"footnotes":""},"categories":[2],"tags":[],"class_list":["post-39148","post","type-post","status-publish","format-standard","hentry","category-jogos-ao-vivo"],"amp_enabled":true,"_links":{"self":[{"href":"https:\/\/ipatingafc.com.br\/index.php\/wp-json\/wp\/v2\/posts\/39148","targetHints":{"allow":["GET"]}}],"collection":[{"href":"https:\/\/ipatingafc.com.br\/index.php\/wp-json\/wp\/v2\/posts"}],"about":[{"href":"https:\/\/ipatingafc.com.br\/index.php\/wp-json\/wp\/v2\/types\/post"}],"author":[{"embeddable":true,"href":"https:\/\/ipatingafc.com.br\/index.php\/wp-json\/wp\/v2\/users\/2"}],"replies":[{"embeddable":true,"href":"https:\/\/ipatingafc.com.br\/index.php\/wp-json\/wp\/v2\/comments?post=39148"}],"version-history":[{"count":0,"href":"https:\/\/ipatingafc.com.br\/index.php\/wp-json\/wp\/v2\/posts\/39148\/revisions"}],"wp:attachment":[{"href":"https:\/\/ipatingafc.com.br\/index.php\/wp-json\/wp\/v2\/media?parent=39148"}],"wp:term":[{"taxonomy":"category","embeddable":true,"href":"https:\/\/ipatingafc.com.br\/index.php\/wp-json\/wp\/v2\/categories?post=39148"},{"taxonomy":"post_tag","embeddable":true,"href":"https:\/\/ipatingafc.com.br\/index.php\/wp-json\/wp\/v2\/tags?post=39148"}],"curies":[{"name":"wp","href":"https:\/\/api.w.org\/{rel}","templated":true}]}}