{"id":39149,"date":"2026-03-05T10:04:47","date_gmt":"2026-03-05T13:04:47","guid":{"rendered":"https:\/\/ipatingafc.com.br\/index.php\/2026\/03\/05\/israel-lanca-nova-onda-de-ataques-contra-o-ira\/"},"modified":"2026-03-05T10:04:47","modified_gmt":"2026-03-05T13:04:47","slug":"israel-lanca-nova-onda-de-ataques-contra-o-ira","status":"publish","type":"post","link":"https:\/\/ipatingafc.com.br\/index.php\/2026\/03\/05\/israel-lanca-nova-onda-de-ataques-contra-o-ira\/","title":{"rendered":"Israel lan\u00e7a nova onda de ataques contra o Ir\u00e3"},"content":{"rendered":"<p><\/p>\n<div wp_automatic_readability=\"73.117325618772\">\n<p>Israel lan\u00e7ou uma grande onda de ataques contra Teer\u00e3 nesta quinta-feira (5), visando o que disse ser infraestrutura pertencente \u00e0s autoridades iranianas. Os\u00a0m\u00edsseis iranianos levaram milh\u00f5es de israelenses a correr para abrigos antia\u00e9reos.<\/p>\n<p><strong>\u00c0 medida que a guerra entre os Estados Unidos (EUA) e o Ir\u00e3 entra em seu sexto dia, o conflito se alastra para al\u00e9m dos Estados do Golfo e chega\u00a0\u00e0 \u00c1sia, causando convuls\u00e3o nos mercados globais e levando milhares de turistas e moradores retidos a tentar fugir do Oriente M\u00e9dio.<\/strong><\/p>\n<p>O ministro das Rela\u00e7\u00f5es Exteriores do Ir\u00e3 chamou de \u201catrocidade no mar\u201d\u00a0o naufr\u00e1gio de um navio de guerra iraniano na costa do Sri Lanka nessa\u00a0quarta-feira, que matou pelo menos 80 pessoas.<\/p>\n<p><strong>Final do Campeonato Baiano ser\u00e1 mostrada s\u00e1bado (7) pela TV Brasil<\/strong><\/p>\n<p><strong>Programa Lideran\u00e7as Femininas na Gest\u00e3o P\u00fablica tem inscri\u00e7\u00f5es abertas<\/strong><\/p>\n<p><strong>Ele disse que a fragata iraniana Dena, convidada da Marinha indiana com quase 130 marinheiros a bordo, foi atingida sem aviso pr\u00e9vio\u00a0em \u00e1guas internacionais e alertou que Washington \u201cse arrepender\u00e1 amargamente\u201d do precedente que estabeleceu.<\/strong><\/p>\n<blockquote wp_automatic_readability=\"11\">\n<p>\u201cDecidimos combater os norte-americanos onde quer que estejam\u201d, disse o general Kioumars Heydari, comandante da Guarda Revolucion\u00e1ria Isl\u00e2mica, \u00e0 TV estatal, acrescentando que o Ir\u00e3 n\u00e3o se importa com a dura\u00e7\u00e3o da guerra.<\/p>\n<\/blockquote>\n<p>Hoje, a Guarda Revolucion\u00e1ria afirmou que havia atingido um petroleiro norte-americano na parte norte do Golfo e que o navio estava em chamas. Em comunicado divulgado pela m\u00eddia estatal, acrescentou que, em tempo de guerra, a passagem pelo Estreito de Ormuz estaria sob o controle da Rep\u00fablica Isl\u00e2mica.<\/p>\n<p>As defesas a\u00e9reas da Organiza\u00e7\u00e3o do Tratado do Atl\u00e2ntico Norte (Otan) destru\u00edram um m\u00edssil bal\u00edstico iraniano disparado ontem contra a Turquia, marcando a primeira vez que o membro da alian\u00e7a que faz fronteira com a \u00c1sia foi envolvido no conflito do Oriente M\u00e9dio e aumentando a possibilidade de grande expans\u00e3o envolvendo seus aliados do bloco.<\/p>\n<p><strong>Tr\u00eas Gra\u00e7as; Gerluce perde o controle ao descobrir verdade chocante e confronta Raul em cena intensa<\/strong><\/p>\n<p><strong>Campanha do BB para Minas Gerais supera R$ 1,5 milh\u00e3o<\/strong><\/p>\n<p><strong>O Estado-Maior das For\u00e7as Armadas iranianas negou ter disparado m\u00edsseis contra a Turquia, afirmando que a Rep\u00fablica Isl\u00e2mica respeita a soberania da \u201camiga\u201d Turquia, de acordo com comunicado divulgado pela m\u00eddia iraniana.<\/strong><\/p>\n<p>Em Washington, na noite de ontem, senadores republicanos bloquearam uma mo\u00e7\u00e3o que visava interromper a campanha a\u00e9rea dos EUA contra o Ir\u00e3 e exigir que a a\u00e7\u00e3o militar fosse autorizada pelo Congresso. Essa rejei\u00e7\u00e3o deixa o poder do presidente\u00a0Donald Trump, de dirigir a guerra, amplamente irrestrito, conforme o conflito continua a se alastrar pelo Oriente M\u00e9dio e al\u00e9m.<\/p>\n<p><strong>O secret\u00e1rio de Defesa dos EUA, Pete Hegseth, disse ao seu hom\u00f3logo israelense, Israel Katz, por telefone: \u201cContinue at\u00e9 o fim \u2014 estamos com voc\u00eas\u201d, de acordo com nota\u00a0divulgada\u00a0pelo Minist\u00e9rio da Defesa de Israel.\u00a0<\/strong><\/p>\n<p><em><strong>*\u00c9 proibida a reprodu\u00e7\u00e3o deste conte\u00fado.<\/strong><\/em><\/p>\n<\/div>\n","protected":false},"excerpt":{"rendered":"<p>Israel lan\u00e7ou uma grande onda de ataques contra Teer\u00e3 nesta quinta-feira (5), visando o que&#8230;<\/p>\n","protected":false},"author":2,"featured_media":0,"comment_status":"","ping_status":"","sticky":false,"template":"","format":"standard","meta":{"footnotes":""},"categories":[2],"tags":[],"class_list":["post-39149","post","type-post","status-publish","format-standard","hentry","category-jogos-ao-vivo"],"amp_enabled":true,"_links":{"self":[{"href":"https:\/\/ipatingafc.com.br\/index.php\/wp-json\/wp\/v2\/posts\/39149","targetHints":{"allow":["GET"]}}],"collection":[{"href":"https:\/\/ipatingafc.com.br\/index.php\/wp-json\/wp\/v2\/posts"}],"about":[{"href":"https:\/\/ipatingafc.com.br\/index.php\/wp-json\/wp\/v2\/types\/post"}],"author":[{"embeddable":true,"href":"https:\/\/ipatingafc.com.br\/index.php\/wp-json\/wp\/v2\/users\/2"}],"replies":[{"embeddable":true,"href":"https:\/\/ipatingafc.com.br\/index.php\/wp-json\/wp\/v2\/comments?post=39149"}],"version-history":[{"count":0,"href":"https:\/\/ipatingafc.com.br\/index.php\/wp-json\/wp\/v2\/posts\/39149\/revisions"}],"wp:attachment":[{"href":"https:\/\/ipatingafc.com.br\/index.php\/wp-json\/wp\/v2\/media?parent=39149"}],"wp:term":[{"taxonomy":"category","embeddable":true,"href":"https:\/\/ipatingafc.com.br\/index.php\/wp-json\/wp\/v2\/categories?post=39149"},{"taxonomy":"post_tag","embeddable":true,"href":"https:\/\/ipatingafc.com.br\/index.php\/wp-json\/wp\/v2\/tags?post=39149"}],"curies":[{"name":"wp","href":"https:\/\/api.w.org\/{rel}","templated":true}]}}