{"id":39187,"date":"2026-03-05T23:55:52","date_gmt":"2026-03-06T02:55:52","guid":{"rendered":"https:\/\/ipatingafc.com.br\/index.php\/2026\/03\/05\/agencia-minas-gerais-governo-de-minas-anuncia-r-100-milhoes-para-infraestrutura-rodoviaria-no-vale-do-jequitinhonha-2\/"},"modified":"2026-03-05T23:55:52","modified_gmt":"2026-03-06T02:55:52","slug":"agencia-minas-gerais-governo-de-minas-anuncia-r-100-milhoes-para-infraestrutura-rodoviaria-no-vale-do-jequitinhonha-2","status":"publish","type":"post","link":"https:\/\/ipatingafc.com.br\/index.php\/2026\/03\/05\/agencia-minas-gerais-governo-de-minas-anuncia-r-100-milhoes-para-infraestrutura-rodoviaria-no-vale-do-jequitinhonha-2\/","title":{"rendered":"Ag\u00eancia Minas Gerais | Governo de Minas anuncia R$ 100 milh\u00f5es para infraestrutura rodovi\u00e1ria no Vale do Jequitinhonha"},"content":{"rendered":"<p><\/p>\n<div>\n<section class=\"news-related \/ col-md-4 col-lg-3 \/ margin-md-bottom-2 margin-left-1 \/ pull-right \/ hidden-xs hidden-sm\">\n<header>\n<p class=\"text-title-section \/ margin-bottom-1\">Relacionadas<\/p>\n<\/header>\n<p>\t\t\t\t\t\t\t<main><\/p>\n<hr class=\"row margin-md-bottom-2\"\/>\n\t\t\t\t\t\t\t<\/main><br \/>\n\t\t\t\t\t\t<\/section>\n<p dir=\"ltr\"><span id=\"docs-internal-guid-1f453602-7fff-7baf-7305-8dddfdf197d4\">O governador em exerc\u00edcio de Minas Gerais, Mateus Sim\u00f5es, anunciou, nesta quinta-feira (5\/3), o repasse de R$ 100 milh\u00f5es do Governo de Minas para o asfaltamento da rodovia MGC-251, no trecho que liga a cidade Almenara ao distrito de Pedra Grande, no Vale do Jequitinhonha.<\/span><\/p>\n<p>Os recursos ser\u00e3o utilizados para o asfaltamento de 35 quil\u00f4metros da via. As obras devem come\u00e7ar no segundo semestre de 2026, com dura\u00e7\u00e3o prevista de dois anos.<\/p>\n<p>De acordo com o governador em exerc\u00edcio do Estado, \u00e9 necess\u00e1rio atualizar o projeto para a revitaliza\u00e7\u00e3o da rodovia junto \u00e0\u00a0Secretaria de Estado de Infraestrutura, Mobilidade e Parcerias de Minas Gerais (Seinfra), o que deve ocorrer at\u00e9 junho. &#8220;Mas n\u00e3o \u00e9 o projeto que interessa, e sim o asfalto. Por isso determinei a inclus\u00e3o de R$ 100 milh\u00f5es no or\u00e7amento da Seinfra para tirar essas obras do papel. A poeira vai ficar para tr\u00e1s&#8221;, disse Mateus Sim\u00f5es.<\/p>\n<p>Ele percorreu o trecho da rodovia em Almenara, ao lado do deputado federal Nikolas Ferreira e de lideran\u00e7as da regi\u00e3o, que destacaram a import\u00e2ncia da obra, em especial para o escoamento da produ\u00e7\u00e3o agr\u00edcola da regi\u00e3o Centro-Oeste do Brasil.<\/p>\n<\/p><\/div>\n","protected":false},"excerpt":{"rendered":"<p>Relacionadas O governador em exerc\u00edcio de Minas Gerais, Mateus Sim\u00f5es, anunciou, nesta quinta-feira (5\/3), o&#8230;<\/p>\n","protected":false},"author":2,"featured_media":0,"comment_status":"","ping_status":"","sticky":false,"template":"","format":"standard","meta":{"footnotes":""},"categories":[2],"tags":[],"class_list":["post-39187","post","type-post","status-publish","format-standard","hentry","category-jogos-ao-vivo"],"amp_enabled":true,"_links":{"self":[{"href":"https:\/\/ipatingafc.com.br\/index.php\/wp-json\/wp\/v2\/posts\/39187","targetHints":{"allow":["GET"]}}],"collection":[{"href":"https:\/\/ipatingafc.com.br\/index.php\/wp-json\/wp\/v2\/posts"}],"about":[{"href":"https:\/\/ipatingafc.com.br\/index.php\/wp-json\/wp\/v2\/types\/post"}],"author":[{"embeddable":true,"href":"https:\/\/ipatingafc.com.br\/index.php\/wp-json\/wp\/v2\/users\/2"}],"replies":[{"embeddable":true,"href":"https:\/\/ipatingafc.com.br\/index.php\/wp-json\/wp\/v2\/comments?post=39187"}],"version-history":[{"count":0,"href":"https:\/\/ipatingafc.com.br\/index.php\/wp-json\/wp\/v2\/posts\/39187\/revisions"}],"wp:attachment":[{"href":"https:\/\/ipatingafc.com.br\/index.php\/wp-json\/wp\/v2\/media?parent=39187"}],"wp:term":[{"taxonomy":"category","embeddable":true,"href":"https:\/\/ipatingafc.com.br\/index.php\/wp-json\/wp\/v2\/categories?post=39187"},{"taxonomy":"post_tag","embeddable":true,"href":"https:\/\/ipatingafc.com.br\/index.php\/wp-json\/wp\/v2\/tags?post=39187"}],"curies":[{"name":"wp","href":"https:\/\/api.w.org\/{rel}","templated":true}]}}