{"id":39256,"date":"2026-03-07T01:03:39","date_gmt":"2026-03-07T04:03:39","guid":{"rendered":"https:\/\/ipatingafc.com.br\/index.php\/2026\/03\/07\/uber-tera-que-indenizar-passageira-vitima-de-intolerancia-religiosa\/"},"modified":"2026-03-07T01:03:39","modified_gmt":"2026-03-07T04:03:39","slug":"uber-tera-que-indenizar-passageira-vitima-de-intolerancia-religiosa","status":"publish","type":"post","link":"https:\/\/ipatingafc.com.br\/index.php\/2026\/03\/07\/uber-tera-que-indenizar-passageira-vitima-de-intolerancia-religiosa\/","title":{"rendered":"Uber ter\u00e1 que indenizar passageira v\u00edtima de intoler\u00e2ncia religiosa"},"content":{"rendered":"<p><\/p>\n<div wp_automatic_readability=\"80.085653104925\">\n<p>A Justi\u00e7a da Para\u00edba condenou a plataforma de transporte urbano Uber a pagar indeniza\u00e7\u00e3o de R$ 15 mil a uma l\u00edder religiosa\u00a0por danos morais.<\/p>\n<p><strong>O epis\u00f3dio que motivou o processo ocorreu no ano de 2024, em Jo\u00e3o Pessoa, cidade onde a mulher solicitou uma corrida pelo aplicativo e teve a viagem cancelada depois que o motorista identificou o local de partida como sendo um terreno de candombl\u00e9. <\/strong>Na ocasi\u00e3o, ele teria dito pelo chat da plataforma: \u00a0\u201csangue de Cristo tem poder\u2026 quem vai \u00e9 outro\u2026 t\u00f4 fora\u201d, recusando-se a realizar o transporte.<\/p>\n<p><strong>O pedido de indeniza\u00e7\u00e3o da mulher foi negado em primeira inst\u00e2ncia e ela recorreu. Na decis\u00e3o proferida nesta quinta-feira (5), o juiz Jos\u00e9 Ferreira Ramos J\u00fanior, relator do processo, considerou que a plataforma falhou em garantir a seguran\u00e7a e o respeito \u201cinerentes \u00e0 sua atividade econ\u00f4mica\u201d. \u00a0<\/strong><\/p>\n<p><strong>Moraes nega conversas com Vorcaro no dia em que banqueiro foi preso<\/strong><\/p>\n<p><strong>Lula assina MPs de apoio \u00e0s v\u00edtimas das enchentes em Minas Gerais<\/strong><\/p>\n<h2>Responsabilidade solid\u00e1ria<\/h2>\n<p>A Uber foi considerada respons\u00e1vel pela conduta do motorista por assumir os riscos inerentes \u00e0 atividade que desempenha, respondendo \u201csolidariamente\u201d pelos atos praticados pelos condutores que usam a plataforma.<\/p>\n<p><strong>Conforme o magistrado, n\u00e3o se tratou de apenas um cancelamento de corrida mas, antes, um ato de real intoler\u00e2ncia religiosa.<\/strong><\/p>\n<p>Na decis\u00e3o foi destacada ainda a \u201cl\u00f3gica hist\u00f3rica de segrega\u00e7\u00e3o\u201d refor\u00e7ada pelo epis\u00f3dio, l\u00f3gica segundo a qual espa\u00e7os sagrados afro-brasileiros s\u00e3o tratados como \u201cindesej\u00e1veis ou moralmente inferiores\u201d.<\/p>\n<p>O magistrado acrescenta que as pr\u00e1ticas persistem em a\u00e7\u00f5es como\u00a0invas\u00f5es, destrui\u00e7\u00e3o de terreiros, amea\u00e7as para for\u00e7ar convers\u00e3o religiosa, demoniza\u00e7\u00e3o p\u00fablica de religi\u00f5es de matriz africana, entre outras atitudes.<\/p>\n<p><strong>D\u00f3lar cai para R$ 5,24 em dia de corre\u00e7\u00e3o no mercado<\/strong><\/p>\n<p><strong>Movimento feminista protesta contra escala 6\u00d71 e viol\u00eancia global<\/strong><\/p>\n<p>\u201cCondutas dessa natureza\u00a0refor\u00e7am estere\u00f3tipos discriminat\u00f3rios, naturalizam a exclus\u00e3o de pessoas negras e praticantes dessas religi\u00f5es do pleno exerc\u00edcio de sua f\u00e9 e contribuem para a perpetua\u00e7\u00e3o de desigualdades estruturais\u201d, resumiu o juiz Ant\u00f4nio Silveira Neto, que acompanhou o voto do relator pelo pagamento da indeniza\u00e7\u00e3o.<\/p>\n<h2>Plataforma<\/h2>\n<p><strong>Frente \u00e0 condena\u00e7\u00e3o, a Uber reafirmou em nota o compromisso de \u201cpromover o respeito, igualdade e inclus\u00e3o para todas as pessoas que utilizam o aplicativo\u201d. \u00a0<\/strong><\/p>\n<p>A plataforma diz enviar constantemente materiais educativos e de conscientiza\u00e7\u00e3o para motoristas parceiros sobre racismo e discrimina\u00e7\u00e3o. Entre as a\u00e7\u00f5es que afirma implementar a respeito do tema est\u00e3o um epis\u00f3dio de um podcast que promove e \u201cp\u00edlulas educativas regulares na R\u00e1dio Uber\u201d, programa di\u00e1rio que mant\u00e9m em uma r\u00e1dio comercial.<\/p>\n<p><strong>N\u00e3o \u00e9 a primeira vez que a Uber \u00e9 condenada por intoler\u00e2ncia religiosa por parte de um de seus motoristas.<\/strong> No ano passado, por exemplo, a Justi\u00e7a do Paran\u00e1 se debru\u00e7ou sobre o caso de uma consumidora do Estado que, ao sair de um terreiro da umbanda, solicitou uma corrida pelo aplicativo que, da mesma forma, foi cancelada. A justificativa: \u201cmacumbeiro n\u00e3o anda no meu carro\u201d.<\/p>\n<\/div>\n","protected":false},"excerpt":{"rendered":"<p>A Justi\u00e7a da Para\u00edba condenou a plataforma de transporte urbano Uber a pagar indeniza\u00e7\u00e3o de&#8230;<\/p>\n","protected":false},"author":2,"featured_media":0,"comment_status":"","ping_status":"","sticky":false,"template":"","format":"standard","meta":{"footnotes":""},"categories":[2],"tags":[],"class_list":["post-39256","post","type-post","status-publish","format-standard","hentry","category-jogos-ao-vivo"],"amp_enabled":true,"_links":{"self":[{"href":"https:\/\/ipatingafc.com.br\/index.php\/wp-json\/wp\/v2\/posts\/39256","targetHints":{"allow":["GET"]}}],"collection":[{"href":"https:\/\/ipatingafc.com.br\/index.php\/wp-json\/wp\/v2\/posts"}],"about":[{"href":"https:\/\/ipatingafc.com.br\/index.php\/wp-json\/wp\/v2\/types\/post"}],"author":[{"embeddable":true,"href":"https:\/\/ipatingafc.com.br\/index.php\/wp-json\/wp\/v2\/users\/2"}],"replies":[{"embeddable":true,"href":"https:\/\/ipatingafc.com.br\/index.php\/wp-json\/wp\/v2\/comments?post=39256"}],"version-history":[{"count":0,"href":"https:\/\/ipatingafc.com.br\/index.php\/wp-json\/wp\/v2\/posts\/39256\/revisions"}],"wp:attachment":[{"href":"https:\/\/ipatingafc.com.br\/index.php\/wp-json\/wp\/v2\/media?parent=39256"}],"wp:term":[{"taxonomy":"category","embeddable":true,"href":"https:\/\/ipatingafc.com.br\/index.php\/wp-json\/wp\/v2\/categories?post=39256"},{"taxonomy":"post_tag","embeddable":true,"href":"https:\/\/ipatingafc.com.br\/index.php\/wp-json\/wp\/v2\/tags?post=39256"}],"curies":[{"name":"wp","href":"https:\/\/api.w.org\/{rel}","templated":true}]}}