{"id":39259,"date":"2026-03-07T02:25:49","date_gmt":"2026-03-07T05:25:49","guid":{"rendered":"https:\/\/ipatingafc.com.br\/index.php\/2026\/03\/07\/governo-cria-duas-unidades-de-conservacao-federais-no-rs\/"},"modified":"2026-03-07T02:25:49","modified_gmt":"2026-03-07T05:25:49","slug":"governo-cria-duas-unidades-de-conservacao-federais-no-rs","status":"publish","type":"post","link":"https:\/\/ipatingafc.com.br\/index.php\/2026\/03\/07\/governo-cria-duas-unidades-de-conservacao-federais-no-rs\/","title":{"rendered":"Governo cria duas Unidades de Conserva\u00e7\u00e3o federais no RS"},"content":{"rendered":"<p><\/p>\n<div wp_automatic_readability=\"76.064885496183\">\n<p><strong>O presidente Luiz In\u00e1cio Lula da Silva criou nesta sexta-feira (6), por meio de decreto publicado no Di\u00e1rio Oficial da Uni\u00e3o, duas Unidades de Conserva\u00e7\u00e3o (UCs) federais no litoral sul do Rio Grande do Sul:<\/strong> o Parque Nacional Marinho do Albard\u00e3o e a \u00c1rea de Prote\u00e7\u00e3o Ambiental (APA) do Albard\u00e3o, no munic\u00edpio de Santa Vit\u00f3ria do Palmar.\u00a0<\/p>\n<p>A iniciativa foi liderada pelo Minist\u00e9rio do Meio Ambiente e Mudan\u00e7a do Clima (MMA) e pelo Instituto Chico Mendes de Conserva\u00e7\u00e3o da Biodiversidade (ICMBio). <strong>De acordo com os minist\u00e9rios, a medida protege uma das regi\u00f5es mais importantes para a manuten\u00e7\u00e3o da biodiversidade do Atl\u00e2ntico Sul e fortalece a resposta \u00e0 mudan\u00e7a do clima e \u00e0 perda global de biodiversidade.<\/strong><\/p>\n<p>\u201cO decreto assinado pelo presidente Lula reflete o compromisso de seu governo com a preserva\u00e7\u00e3o ambiental e de nosso oceano. H\u00e1 por tr\u00e1s dessa medida estudos cient\u00edficos, escuta p\u00fablica, articula\u00e7\u00e3o entre institui\u00e7\u00f5es e empenho de servidores, pesquisadores e cidad\u00e3os comprometidos com a conserva\u00e7\u00e3o da biodiversidade e a defesa do interesse p\u00fablico\u201d, destacou a ministra do Meio Ambiente e Mudan\u00e7a do Clima, Marina Silva.<\/p>\n<p><strong>Uber ter\u00e1 que indenizar passageira v\u00edtima de intoler\u00e2ncia religiosa<\/strong><\/p>\n<p><strong>Moraes nega conversas com Vorcaro no dia em que banqueiro foi preso<\/strong><\/p>\n<p><strong>A soma total de \u00e1rea do conjunto formado pelo Parque Nacional do Albard\u00e3o e sua Zona de Amortecimento, inclu\u00edda a APA do Albard\u00e3o, alcan\u00e7a um total de 1.618.488 hectares.<\/strong> O territ\u00f3rio <strong>abriga ecossistemas marinhos e costeiros de relev\u00e2ncia ecol\u00f3gica<\/strong>, funcionando como <strong>\u00e1rea de alimenta\u00e7\u00e3o, reprodu\u00e7\u00e3o e crescimento para diversas esp\u00e9cies amea\u00e7adas<\/strong>.\u00a0<\/p>\n<p>\u201cNo Albard\u00e3o, os ambientes de concheiros [ac\u00famulo de conchas de animais], a presen\u00e7a de esp\u00e9cies amea\u00e7adas, sua not\u00e1vel biodiversidade e um patrim\u00f4nio arqueol\u00f3gico de grande valor passam, finalmente, a receber a prote\u00e7\u00e3o compat\u00edvel \u00e0 sua relev\u00e2ncia. Criar essas unidades mostra que proteger o meio ambiente n\u00e3o \u00e9 obst\u00e1culo, mas solu\u00e7\u00e3o\u201d, ressaltou Marina.\u00a0<\/p>\n<p><strong>Entre as esp\u00e9cies amea\u00e7adas na \u00e1rea, destaca-se a toninha, a esp\u00e9cie de golfinho mais amea\u00e7ada do Atl\u00e2ntico Sul Ocidental, al\u00e9m de tartarugas marinhas, tubar\u00f5es, raias, aves marinhas migrat\u00f3rias e mam\u00edferos<\/strong> que utilizam a regi\u00e3o ao longo de seus ciclos de vida. A prote\u00e7\u00e3o desses habitats \u00e9 considerada estrat\u00e9gica para reduzir a mortalidade da fauna e assegurar a manuten\u00e7\u00e3o de processos ecol\u00f3gicos essenciais nos ambientes marinhos.<\/p>\n<p>O litoral sul do Rio Grande do Sul est\u00e1 situado na rota atl\u00e2ntica das Am\u00e9ricas, que conecta o \u00c1rtico canadense e o Alasca, nos Estados Unidos, ao sul da Am\u00e9rica do Sul, passando pela costa do Brasil.<\/p>\n<p><strong>Lula assina MPs de apoio \u00e0s v\u00edtimas das enchentes em Minas Gerais<\/strong><\/p>\n<p><strong>D\u00f3lar cai para R$ 5,24 em dia de corre\u00e7\u00e3o no mercado<\/strong><\/p>\n<p>Essas \u00e1reas funcionam como \u201cpostos de abastecimento\u201d ecol\u00f3gicos, onde as aves param para descansar ap\u00f3s voar milhares de quil\u00f4metros ininterruptamente e acumular energia antes de continuar a migra\u00e7\u00e3o, alimentando-se de invertebrados e pequenos crust\u00e1ceos.<\/p>\n<\/div>\n","protected":false},"excerpt":{"rendered":"<p>O presidente Luiz In\u00e1cio Lula da Silva criou nesta sexta-feira (6), por meio de decreto&#8230;<\/p>\n","protected":false},"author":2,"featured_media":0,"comment_status":"","ping_status":"","sticky":false,"template":"","format":"standard","meta":{"footnotes":""},"categories":[2],"tags":[],"class_list":["post-39259","post","type-post","status-publish","format-standard","hentry","category-jogos-ao-vivo"],"amp_enabled":true,"_links":{"self":[{"href":"https:\/\/ipatingafc.com.br\/index.php\/wp-json\/wp\/v2\/posts\/39259","targetHints":{"allow":["GET"]}}],"collection":[{"href":"https:\/\/ipatingafc.com.br\/index.php\/wp-json\/wp\/v2\/posts"}],"about":[{"href":"https:\/\/ipatingafc.com.br\/index.php\/wp-json\/wp\/v2\/types\/post"}],"author":[{"embeddable":true,"href":"https:\/\/ipatingafc.com.br\/index.php\/wp-json\/wp\/v2\/users\/2"}],"replies":[{"embeddable":true,"href":"https:\/\/ipatingafc.com.br\/index.php\/wp-json\/wp\/v2\/comments?post=39259"}],"version-history":[{"count":0,"href":"https:\/\/ipatingafc.com.br\/index.php\/wp-json\/wp\/v2\/posts\/39259\/revisions"}],"wp:attachment":[{"href":"https:\/\/ipatingafc.com.br\/index.php\/wp-json\/wp\/v2\/media?parent=39259"}],"wp:term":[{"taxonomy":"category","embeddable":true,"href":"https:\/\/ipatingafc.com.br\/index.php\/wp-json\/wp\/v2\/categories?post=39259"},{"taxonomy":"post_tag","embeddable":true,"href":"https:\/\/ipatingafc.com.br\/index.php\/wp-json\/wp\/v2\/tags?post=39259"}],"curies":[{"name":"wp","href":"https:\/\/api.w.org\/{rel}","templated":true}]}}