{"id":39260,"date":"2026-03-07T02:34:48","date_gmt":"2026-03-07T05:34:48","guid":{"rendered":"https:\/\/ipatingafc.com.br\/index.php\/2026\/03\/07\/espaco-dos-barganheiros-tera-onibus-rosa-em-acao-especial-alusiva-ao-dia-internacional-da-mulher-agencia-de-noticias\/"},"modified":"2026-03-07T02:34:48","modified_gmt":"2026-03-07T05:34:48","slug":"espaco-dos-barganheiros-tera-onibus-rosa-em-acao-especial-alusiva-ao-dia-internacional-da-mulher-agencia-de-noticias","status":"publish","type":"post","link":"https:\/\/ipatingafc.com.br\/index.php\/2026\/03\/07\/espaco-dos-barganheiros-tera-onibus-rosa-em-acao-especial-alusiva-ao-dia-internacional-da-mulher-agencia-de-noticias\/","title":{"rendered":"Espa\u00e7o dos Barganheiros ter\u00e1 \u00d4nibus Rosa em a\u00e7\u00e3o especial alusiva ao Dia Internacional da Mulher \u2013 Ag\u00eancia de Not\u00edcias"},"content":{"rendered":"<p><\/p>\n<div>\n<div class=\"col\">\n<p class=\"mt-0\">\n                        <strong><br \/>\n                            <span class=\"far fa-calendar mr-1 mt-2\"\/><br \/>\n                            6 de mar\u00e7o de 2026<br \/>\n                            <span class=\"far fa-clock ml-3 mt-2\"\/><br \/>\n                            16:40<br \/>\n                        <\/strong>\n                    <\/p>\n<p class=\"mb-0\">Por: <strong>Secom<\/strong><\/p>\n<\/p><\/div>\n<\/p><\/div>\n<div>\n<p class=\"western\" align=\"center\">\n<p class=\"western\" align=\"justify\"><span style=\"font-family: Arial, sans-serif;\"><br \/><\/span><span style=\"font-family: Arial, sans-serif;\"><span style=\"font-size: medium;\">Em alus\u00e3o ao Dia Internacional da Mulher, a Prefeitura de Sorocaba promover\u00e1, no Espa\u00e7o dos Barganheiros, uma a\u00e7\u00e3o especial de atendimento e orienta\u00e7\u00e3o \u00e0s mulheres com a presen\u00e7a do \u00d4nibus Rosa, neste domingo (8).<\/span><\/span><\/p>\n<p class=\"western\" align=\"justify\"><span style=\"font-family: Arial, sans-serif;\"><span style=\"font-size: medium;\">A iniciativa visa ampliar o acesso das mulheres a servi\u00e7os p\u00fablicos, oferecendo orienta\u00e7\u00f5es, acolhimento e informa\u00e7\u00f5es sobre direitos, al\u00e9m de refor\u00e7ar a import\u00e2ncia das pol\u00edticas p\u00fablicas voltadas \u00e0 prote\u00e7\u00e3o, sa\u00fade e valoriza\u00e7\u00e3o da mulher. <\/span><\/span><\/p>\n<p class=\"western\" align=\"justify\"><span style=\"font-family: Arial, sans-serif;\"><span style=\"font-size: medium;\">O Espa\u00e7o dos Barganheiros, que fica localizado na Alameda do Horto, n\u00ba 696, no Cagua\u00e7u, foi recentemente reorganizado pelo Poder P\u00fablico e tem se consolidado como um importante ponto de com\u00e9rcio popular e conviv\u00eancia na cidade, reunindo trabalhadores aut\u00f4nomos, comerciantes e frequentadores de diferentes regi\u00f5es do munic\u00edpio. <\/span><\/span><\/p>\n<p class=\"western\" align=\"justify\"><span style=\"font-family: Arial, sans-serif;\"><span style=\"font-size: medium;\">A atividade ocorrer\u00e1 durante o per\u00edodo de funcionamento da feira, das 7h \u00e0s 12h, possibilitando que mulheres que trabalham ou frequentam o local possam acessar os servi\u00e7os de forma pr\u00e1tica e gratuita. <\/span><\/span><span style=\"color: #171717;\"><span style=\"font-family: Arial, sans-serif;\"><span style=\"font-size: medium;\">Para ser atendido, \u00e9 necess\u00e1rio levar um documento de identidade, o cart\u00e3o do Sistema \u00danico de Sa\u00fade (SUS) e o cart\u00e3o da Unidade B\u00e1sica de Sa\u00fade (UBS).<\/span><\/span><\/span><\/p>\n<\/div>\n","protected":false},"excerpt":{"rendered":"<p>6 de mar\u00e7o de 2026 16:40 Por: Secom Em alus\u00e3o ao Dia Internacional da Mulher,&#8230;<\/p>\n","protected":false},"author":2,"featured_media":0,"comment_status":"","ping_status":"","sticky":false,"template":"","format":"standard","meta":{"footnotes":""},"categories":[2],"tags":[],"class_list":["post-39260","post","type-post","status-publish","format-standard","hentry","category-jogos-ao-vivo"],"amp_enabled":true,"_links":{"self":[{"href":"https:\/\/ipatingafc.com.br\/index.php\/wp-json\/wp\/v2\/posts\/39260","targetHints":{"allow":["GET"]}}],"collection":[{"href":"https:\/\/ipatingafc.com.br\/index.php\/wp-json\/wp\/v2\/posts"}],"about":[{"href":"https:\/\/ipatingafc.com.br\/index.php\/wp-json\/wp\/v2\/types\/post"}],"author":[{"embeddable":true,"href":"https:\/\/ipatingafc.com.br\/index.php\/wp-json\/wp\/v2\/users\/2"}],"replies":[{"embeddable":true,"href":"https:\/\/ipatingafc.com.br\/index.php\/wp-json\/wp\/v2\/comments?post=39260"}],"version-history":[{"count":0,"href":"https:\/\/ipatingafc.com.br\/index.php\/wp-json\/wp\/v2\/posts\/39260\/revisions"}],"wp:attachment":[{"href":"https:\/\/ipatingafc.com.br\/index.php\/wp-json\/wp\/v2\/media?parent=39260"}],"wp:term":[{"taxonomy":"category","embeddable":true,"href":"https:\/\/ipatingafc.com.br\/index.php\/wp-json\/wp\/v2\/categories?post=39260"},{"taxonomy":"post_tag","embeddable":true,"href":"https:\/\/ipatingafc.com.br\/index.php\/wp-json\/wp\/v2\/tags?post=39260"}],"curies":[{"name":"wp","href":"https:\/\/api.w.org\/{rel}","templated":true}]}}