{"id":39262,"date":"2026-03-07T03:21:37","date_gmt":"2026-03-07T06:21:37","guid":{"rendered":"https:\/\/ipatingafc.com.br\/index.php\/2026\/03\/07\/seop-realiza-acao-de-ordenamento-em-vicente-de-carvalho-e-apreende-mais-de-quatro-toneladas-de-acumulos-prefeitura-da-cidade-do-rio-de-janeiro\/"},"modified":"2026-03-07T03:21:37","modified_gmt":"2026-03-07T06:21:37","slug":"seop-realiza-acao-de-ordenamento-em-vicente-de-carvalho-e-apreende-mais-de-quatro-toneladas-de-acumulos-prefeitura-da-cidade-do-rio-de-janeiro","status":"publish","type":"post","link":"https:\/\/ipatingafc.com.br\/index.php\/2026\/03\/07\/seop-realiza-acao-de-ordenamento-em-vicente-de-carvalho-e-apreende-mais-de-quatro-toneladas-de-acumulos-prefeitura-da-cidade-do-rio-de-janeiro\/","title":{"rendered":"Seop realiza a\u00e7\u00e3o de ordenamento em Vicente de Carvalho e apreende mais de quatro toneladas de ac\u00famulos &#8211; Prefeitura da Cidade do Rio de Janeiro"},"content":{"rendered":"<p><\/p>\n<div id=\"main\">\n<div class=\"wrapper-breadcrumbs\" wp_automatic_readability=\"27.999598554797\">\n<div class=\"image-post\" wp_automatic_readability=\"32\">\n                     A opera\u00e7\u00e3o foi concentrada nas imedia\u00e7\u00f5es da esta\u00e7\u00e3o do metr\u00f4 e na passarela &#8211; Divulga\u00e7\u00e3o                  <\/div>\n<p>A Secretaria Municipal de Ordem P\u00fablica (Seop) realizou, na manh\u00e3 de sexta-feira (6\/3), uma opera\u00e7\u00e3o de ordenamento urbano em Vicente de Carvalho, Zona Norte do Rio. A opera\u00e7\u00e3o foi concentrada nas imedia\u00e7\u00f5es da esta\u00e7\u00e3o do metr\u00f4 e na passarela de acesso ao terminal metrovi\u00e1rio. Os agentes apreenderam centenas de pe\u00e7as de vestu\u00e1rio, 100 kg de frutas em m\u00e1 conserva\u00e7\u00e3o, dezenas de garrafas de bebidas e pacotes de biscoito e quatro toneladas de ac\u00famulos que estavam ocupando o espa\u00e7o p\u00fablico de forma irregular.<\/p>\n<p>A a\u00e7\u00e3o foi iniciada por volta das 6h e se estendeu ao longo de toda a manh\u00e3. A opera\u00e7\u00e3o ainda removeu diversas lonas que estavam servindo de cobertura na passarela. A Rioluz apoiou a a\u00e7\u00e3o e realizou o corte de 10 pontos de energia el\u00e9trica clandestinos que estavam sendo utilizados por vendedores ambulantes. Mais de 20 metros de fios foram apreendidos. Ao todo, mais de 50 agentes da SEOP participaram da a\u00e7\u00e3o.<\/p>\n<blockquote wp_automatic_readability=\"12\">\n<p>\u2013 O ordenamento em Vicente de Carvalho \u00e9 uma demanda importante para os moradores, comerciantes e ambulantes legalizados daquela regi\u00e3o. Por isso, a SEOP e a Subprefeitura da Zona Norte v\u00e3o sempre trabalhar de maneira integrada para permitir uma melhor circula\u00e7\u00e3o de pedestres e uma ambi\u00eancia melhor para essa regi\u00e3o do Rio. Vamos realizar opera\u00e7\u00f5es rotineiras em para estabelecer o ordenamento e o respeito ao espa\u00e7o p\u00fablico -, destaca o secret\u00e1rio municipal de Ordem P\u00fablica, Marcus Belchior.<\/p>\n<\/blockquote>\n<p>Equipes da Coordenadoria Especial de Transporte Complementar (CETC) tamb\u00e9m participaram da a\u00e7\u00e3o. Ao longo da manh\u00e3, 27 vans foram fiscalizadas na regi\u00e3o de Vicente de Carvalho e os agentes aplicaram 14 multas por irregularidades diversas. A a\u00e7\u00e3o ainda contou com o apoio de guardas municipais, policiais militares e de agentes da Comlurb.<\/p>\n<p>             <!-- Compartilhe ---><\/p>\n<p>\t\t\t <!-- TAGS --><\/p>\n<section class=\"category-tags\">\n<div class=\"marcacao-category\">\n<article class=\"category-post\">\n<p>Categoria: <\/p>\n<\/article>\n<li>6 de mar\u00e7o de 2026<\/li><\/div>\n<article class=\"tags\">\n\t\t\t\t\tMarca\u00e7\u00f5es: Ordenamento Vicente de Carvalho<br \/><\/article>\n<\/section>\n<p>            <!-- Mais Not&iacute;cias --><\/p>\n<p>\t\t<!-- Conte&uacute;do SIDEBAR --><\/p><\/div>\n<\/p><\/div>\n","protected":false},"excerpt":{"rendered":"<p>A opera\u00e7\u00e3o foi concentrada nas imedia\u00e7\u00f5es da esta\u00e7\u00e3o do metr\u00f4 e na passarela &#8211; Divulga\u00e7\u00e3o&#8230;<\/p>\n","protected":false},"author":2,"featured_media":0,"comment_status":"","ping_status":"","sticky":false,"template":"","format":"standard","meta":{"footnotes":""},"categories":[2],"tags":[],"class_list":["post-39262","post","type-post","status-publish","format-standard","hentry","category-jogos-ao-vivo"],"amp_enabled":true,"_links":{"self":[{"href":"https:\/\/ipatingafc.com.br\/index.php\/wp-json\/wp\/v2\/posts\/39262","targetHints":{"allow":["GET"]}}],"collection":[{"href":"https:\/\/ipatingafc.com.br\/index.php\/wp-json\/wp\/v2\/posts"}],"about":[{"href":"https:\/\/ipatingafc.com.br\/index.php\/wp-json\/wp\/v2\/types\/post"}],"author":[{"embeddable":true,"href":"https:\/\/ipatingafc.com.br\/index.php\/wp-json\/wp\/v2\/users\/2"}],"replies":[{"embeddable":true,"href":"https:\/\/ipatingafc.com.br\/index.php\/wp-json\/wp\/v2\/comments?post=39262"}],"version-history":[{"count":0,"href":"https:\/\/ipatingafc.com.br\/index.php\/wp-json\/wp\/v2\/posts\/39262\/revisions"}],"wp:attachment":[{"href":"https:\/\/ipatingafc.com.br\/index.php\/wp-json\/wp\/v2\/media?parent=39262"}],"wp:term":[{"taxonomy":"category","embeddable":true,"href":"https:\/\/ipatingafc.com.br\/index.php\/wp-json\/wp\/v2\/categories?post=39262"},{"taxonomy":"post_tag","embeddable":true,"href":"https:\/\/ipatingafc.com.br\/index.php\/wp-json\/wp\/v2\/tags?post=39262"}],"curies":[{"name":"wp","href":"https:\/\/api.w.org\/{rel}","templated":true}]}}