{"id":39266,"date":"2026-03-07T04:55:57","date_gmt":"2026-03-07T07:55:57","guid":{"rendered":"https:\/\/ipatingafc.com.br\/index.php\/2026\/03\/07\/agencia-minas-gerais-sejusp-lanca-programa-selo-prevencao-minas-em-uberlandia-2\/"},"modified":"2026-03-07T04:55:57","modified_gmt":"2026-03-07T07:55:57","slug":"agencia-minas-gerais-sejusp-lanca-programa-selo-prevencao-minas-em-uberlandia-2","status":"publish","type":"post","link":"https:\/\/ipatingafc.com.br\/index.php\/2026\/03\/07\/agencia-minas-gerais-sejusp-lanca-programa-selo-prevencao-minas-em-uberlandia-2\/","title":{"rendered":"Ag\u00eancia Minas Gerais | Sejusp\u00a0lan\u00e7a Programa Selo Preven\u00e7\u00e3o Minas em Uberl\u00e2ndia"},"content":{"rendered":"<p><\/p>\n<div>\n<p>A Secretaria de Estado de Justi\u00e7a e Seguran\u00e7a P\u00fablica de Minas Gerais (Sejusp MG), por meio da Subsecretaria de Preven\u00e7\u00e3o Social \u00e0 Criminalidade (Supec), lan\u00e7ou nesta semana, o Programa Selo Preven\u00e7\u00e3o Minas, em Uberl\u00e2ndia, no Tri\u00e2ngulo Mineiro. A iniciativa integra a estrat\u00e9gia do Governo de Minas de ampliar e qualificar a\u00e7\u00f5es de preven\u00e7\u00e3o \u00e0s viol\u00eancias e \u00e0 criminalidade em parceria com os munic\u00edpios.<\/p>\n<p>O Programa Selo Preven\u00e7\u00e3o Minas tem como objetivo apoiar as administra\u00e7\u00f5es municipais na cria\u00e7\u00e3o e no fortalecimento de pol\u00edticas p\u00fablicas voltadas \u00e0 preven\u00e7\u00e3o da criminalidade e das viol\u00eancias.\u00a0Para isso, a iniciativa oferece suporte t\u00e9cnico e metodol\u00f3gico da Supec\/Sejusp MG, al\u00e9m de promover a\u00e7\u00f5es formativas, estimular a integra\u00e7\u00e3o entre \u00f3rg\u00e3os estrat\u00e9gicos locais e incentivar a mobiliza\u00e7\u00e3o social. A metodologia inclui a elabora\u00e7\u00e3o de diagn\u00f3sticos, constru\u00e7\u00e3o de planos municipais de preven\u00e7\u00e3o e espa\u00e7os de articula\u00e7\u00e3o em rede, garantindo que as a\u00e7\u00f5es sejam constru\u00eddas coletivamente e alinhadas \u00e0s din\u00e2micas locais.<\/p>\n<p>A subsecret\u00e1ria Christiana Dornas Rodrigues destacou a import\u00e2ncia da iniciativa: &#8220;Este \u00e9 um passo importante para fortalecer a pol\u00edtica de preven\u00e7\u00e3o \u00e0 criminalidade em Uberl\u00e2ndia. Hoje, essa pol\u00edtica j\u00e1 est\u00e1 presente em 59 unidades de preven\u00e7\u00e3o, que atendem mais de 200 territ\u00f3rios em Minas Gerais, por meio de programas como o Fica Vivo!, o Media\u00e7\u00e3o de Conflitos, a Ceapa e o PrEsp, que atuam diretamente no fortalecimento das comunidades e na constru\u00e7\u00e3o de territ\u00f3rios mais seguros&#8221;.<\/p>\n<p>Atualmente, o munic\u00edpio conta com tr\u00eas Unidades de Preven\u00e7\u00e3o \u00e0 Criminalidade (UPCs). Com a implementa\u00e7\u00e3o do Selo Preven\u00e7\u00e3o Minas, a UPC Centro passa a atuar como refer\u00eancia para o apoio t\u00e9cnico e metodol\u00f3gico no processo de elabora\u00e7\u00e3o do Plano Municipal de Preven\u00e7\u00e3o \u00e0 Criminalidade.<\/p>\n<p>\u00a0<\/p>\n<p>\u00a0<\/p>\n<\/p><\/div>\n","protected":false},"excerpt":{"rendered":"<p>A Secretaria de Estado de Justi\u00e7a e Seguran\u00e7a P\u00fablica de Minas Gerais (Sejusp MG), por&#8230;<\/p>\n","protected":false},"author":2,"featured_media":0,"comment_status":"","ping_status":"","sticky":false,"template":"","format":"standard","meta":{"footnotes":""},"categories":[2],"tags":[],"class_list":["post-39266","post","type-post","status-publish","format-standard","hentry","category-jogos-ao-vivo"],"amp_enabled":true,"_links":{"self":[{"href":"https:\/\/ipatingafc.com.br\/index.php\/wp-json\/wp\/v2\/posts\/39266","targetHints":{"allow":["GET"]}}],"collection":[{"href":"https:\/\/ipatingafc.com.br\/index.php\/wp-json\/wp\/v2\/posts"}],"about":[{"href":"https:\/\/ipatingafc.com.br\/index.php\/wp-json\/wp\/v2\/types\/post"}],"author":[{"embeddable":true,"href":"https:\/\/ipatingafc.com.br\/index.php\/wp-json\/wp\/v2\/users\/2"}],"replies":[{"embeddable":true,"href":"https:\/\/ipatingafc.com.br\/index.php\/wp-json\/wp\/v2\/comments?post=39266"}],"version-history":[{"count":0,"href":"https:\/\/ipatingafc.com.br\/index.php\/wp-json\/wp\/v2\/posts\/39266\/revisions"}],"wp:attachment":[{"href":"https:\/\/ipatingafc.com.br\/index.php\/wp-json\/wp\/v2\/media?parent=39266"}],"wp:term":[{"taxonomy":"category","embeddable":true,"href":"https:\/\/ipatingafc.com.br\/index.php\/wp-json\/wp\/v2\/categories?post=39266"},{"taxonomy":"post_tag","embeddable":true,"href":"https:\/\/ipatingafc.com.br\/index.php\/wp-json\/wp\/v2\/tags?post=39266"}],"curies":[{"name":"wp","href":"https:\/\/api.w.org\/{rel}","templated":true}]}}