{"id":39267,"date":"2026-03-07T05:09:41","date_gmt":"2026-03-07T08:09:41","guid":{"rendered":"https:\/\/ipatingafc.com.br\/index.php\/2026\/03\/07\/justica-autoriza-exumacao-do-corpo-da-pm-morta-com-tiro-na-cabeca\/"},"modified":"2026-03-07T05:09:41","modified_gmt":"2026-03-07T08:09:41","slug":"justica-autoriza-exumacao-do-corpo-da-pm-morta-com-tiro-na-cabeca","status":"publish","type":"post","link":"https:\/\/ipatingafc.com.br\/index.php\/2026\/03\/07\/justica-autoriza-exumacao-do-corpo-da-pm-morta-com-tiro-na-cabeca\/","title":{"rendered":"Justi\u00e7a autoriza exuma\u00e7\u00e3o do corpo da PM morta com tiro na cabe\u00e7a"},"content":{"rendered":"<p><\/p>\n<div wp_automatic_readability=\"32.34764657308\">\n<p><strong>A Justi\u00e7a de S\u00e3o Paulo autorizou a exuma\u00e7\u00e3o do corpo de Gisele Alves Santana, soldado da Pol\u00edcia Militar, ap\u00f3s solicita\u00e7\u00e3o da Pol\u00edcia Civil, confirmou nesta sexta-feira (6)\u00a0a\u00a0Secretaria da Seguran\u00e7a P\u00fablica de S\u00e3o Paulo (SSP).<\/strong><\/p>\n<p>A policial foi encontrada morta com um tiro na cabe\u00e7a, em 18 de fevereiro, no apartamento onde\u00a0morava com o marido, o tenente-coronel Geraldo Leite Rosa Neto, na capital paulista.<\/p>\n<p>O registro policial sobre a morte de Gisele era inicialmente de suic\u00eddio, mas foi alterado para morte suspeita.<\/p>\n<p><strong>Governo cria duas Unidades de Conserva\u00e7\u00e3o federais no RS<\/strong><\/p>\n<p><strong>Uber ter\u00e1 que indenizar passageira v\u00edtima de intoler\u00e2ncia religiosa<\/strong><\/p>\n<p>&gt;&gt; Siga o canal da <strong>Ag\u00eancia Brasil<\/strong> no WhatsApp<\/p>\n<p>A Pol\u00edcia Militar informou que o marido de Gisele est\u00e1 afastado de suas fun\u00e7\u00f5es, a pedido.<\/p>\n<p><strong>A secretaria informou que as dilig\u00eancias prosseguem \u201cvisando ao total esclarecimento dos fatos\u201d.<\/strong><\/p>\n<p>No entanto, informou que detalhes sobre as investiga\u00e7\u00f5es ser\u00e3o preservados por conta do sigilo determinado pela Justi\u00e7a.<\/p>\n<p><strong>Moraes nega conversas com Vorcaro no dia em que banqueiro foi preso<\/strong><\/p>\n<p><strong>Lula assina MPs de apoio \u00e0s v\u00edtimas das enchentes em Minas Gerais<\/strong><\/p>\n<\/div>\n","protected":false},"excerpt":{"rendered":"<p>A Justi\u00e7a de S\u00e3o Paulo autorizou a exuma\u00e7\u00e3o do corpo de Gisele Alves Santana, soldado&#8230;<\/p>\n","protected":false},"author":2,"featured_media":0,"comment_status":"","ping_status":"","sticky":false,"template":"","format":"standard","meta":{"footnotes":""},"categories":[2],"tags":[],"class_list":["post-39267","post","type-post","status-publish","format-standard","hentry","category-jogos-ao-vivo"],"amp_enabled":true,"_links":{"self":[{"href":"https:\/\/ipatingafc.com.br\/index.php\/wp-json\/wp\/v2\/posts\/39267","targetHints":{"allow":["GET"]}}],"collection":[{"href":"https:\/\/ipatingafc.com.br\/index.php\/wp-json\/wp\/v2\/posts"}],"about":[{"href":"https:\/\/ipatingafc.com.br\/index.php\/wp-json\/wp\/v2\/types\/post"}],"author":[{"embeddable":true,"href":"https:\/\/ipatingafc.com.br\/index.php\/wp-json\/wp\/v2\/users\/2"}],"replies":[{"embeddable":true,"href":"https:\/\/ipatingafc.com.br\/index.php\/wp-json\/wp\/v2\/comments?post=39267"}],"version-history":[{"count":0,"href":"https:\/\/ipatingafc.com.br\/index.php\/wp-json\/wp\/v2\/posts\/39267\/revisions"}],"wp:attachment":[{"href":"https:\/\/ipatingafc.com.br\/index.php\/wp-json\/wp\/v2\/media?parent=39267"}],"wp:term":[{"taxonomy":"category","embeddable":true,"href":"https:\/\/ipatingafc.com.br\/index.php\/wp-json\/wp\/v2\/categories?post=39267"},{"taxonomy":"post_tag","embeddable":true,"href":"https:\/\/ipatingafc.com.br\/index.php\/wp-json\/wp\/v2\/tags?post=39267"}],"curies":[{"name":"wp","href":"https:\/\/api.w.org\/{rel}","templated":true}]}}