{"id":39269,"date":"2026-03-07T05:50:39","date_gmt":"2026-03-07T08:50:39","guid":{"rendered":"https:\/\/ipatingafc.com.br\/index.php\/2026\/03\/07\/suplementos-com-curcuma-podem-trazer-risco-de-danos-ao-figado\/"},"modified":"2026-03-07T05:50:39","modified_gmt":"2026-03-07T08:50:39","slug":"suplementos-com-curcuma-podem-trazer-risco-de-danos-ao-figado","status":"publish","type":"post","link":"https:\/\/ipatingafc.com.br\/index.php\/2026\/03\/07\/suplementos-com-curcuma-podem-trazer-risco-de-danos-ao-figado\/","title":{"rendered":"suplementos com c\u00farcuma podem trazer risco de danos ao f\u00edgado"},"content":{"rendered":"<p><\/p>\n<div wp_automatic_readability=\"75.605263157895\">\n<p><strong>A Ag\u00eancia Nacional de Vigil\u00e2ncia Sanit\u00e1ria (Anvisa) publicou nesta sexta-feira (6) um alerta de farmacovigil\u00e2ncia para o uso de medicamentos e suplementos alimentares que cont\u00eam c\u00farcuma, tamb\u00e9m conhecida como a\u00e7afr\u00e3o.<\/strong><\/p>\n<p>Segundo a Anvisa, investiga\u00e7\u00f5es internacionais identificaram casos raros, mas graves, de inflama\u00e7\u00e3o e de danos ao f\u00edgado associados ao uso desses produtos em c\u00e1psulas ou em extratos concentrados.<\/p>\n<blockquote wp_automatic_readability=\"6.680981595092\">\n<p>\u201cO problema est\u00e1 associado especialmente a formula\u00e7\u00f5es e tecnologias que promovem um aumento na absor\u00e7\u00e3o da curcumina em n\u00edveis muito acima do consumo normal\u201d, informou a ag\u00eancia em nota.<\/p>\n<p><strong>Governo cria duas Unidades de Conserva\u00e7\u00e3o federais no RS<\/strong><\/p>\n<p><strong>Uber ter\u00e1 que indenizar passageira v\u00edtima de intoler\u00e2ncia religiosa<\/strong><\/p>\n<\/blockquote>\n<p><strong>De acordo com o comunicado, ag\u00eancias reguladoras de pa\u00edses como It\u00e1lia, Austr\u00e1lia, Canad\u00e1 e Fran\u00e7a j\u00e1 fizeram alertas sobre o tema depois que autoridades de sa\u00fade registraram casos de intoxica\u00e7\u00e3o do f\u00edgado ligados ao uso de suplementos de c\u00farcuma.<\/strong><\/p>\n<p>Na Fran\u00e7a, a Ag\u00eancia Nacional de Seguran\u00e7a Sanit\u00e1ria da Alimenta\u00e7\u00e3o, do Meio Ambiente e do Trabalho identificou dezenas de relatos de efeitos adversos associados ao consumo de suplementos com c\u00farcuma ou curcumina, incluindo casos de hepatite.<\/p>\n<blockquote wp_automatic_readability=\"8\">\n<p>\u201cO alerta apresenta orienta\u00e7\u00f5es para profissionais de sa\u00fade, fabricantes de medicamentos e suplementos alimentares e consumidores\u201d, destacou a Anvisa.<\/p>\n<\/blockquote>\n<p>&gt;&gt; Siga o canal da <strong>Ag\u00eancia Brasil<\/strong> no WhatsApp<\/p>\n<p><strong>Moraes nega conversas com Vorcaro no dia em que banqueiro foi preso<\/strong><\/p>\n<p><strong>Lula assina MPs de apoio \u00e0s v\u00edtimas das enchentes em Minas Gerais<\/strong><\/p>\n<h2>Alimenta\u00e7\u00e3o<\/h2>\n<p><strong>Na nota, a ag\u00eancia refor\u00e7a que o risco de toxicidade n\u00e3o est\u00e1 relacionado ao uso da c\u00farcuma para o preparo de alimentos no dia a dia.<\/strong><\/p>\n<p><strong>\u201cO p\u00f3 usado na culin\u00e1ria \u00e9 seguro e n\u00e3o integra o alerta, uma vez que n\u00e3o h\u00e1 evid\u00eancias de risco associado ao consumo da c\u00farcuma como alimento e aditivo alimentar\u201d, detalhou a Anvisa.<\/strong><\/p>\n<blockquote wp_automatic_readability=\"9\">\n<p>\u201cA diferen\u00e7a \u00e9 que, em medicamentos e suplementos, o produto possui concentra\u00e7\u00f5es mais altas e uma capacidade de ser mais absorvido pelo organismo\u201d, completou.<\/p>\n<\/blockquote>\n<h2>Sinais de alerta<\/h2>\n<p>Dentre os ind\u00edcios citados pela Anvisa que podem indicar a necessidade de avalia\u00e7\u00e3o m\u00e9dica ap\u00f3s o uso de medicamentos e suplementos alimentares que cont\u00eam c\u00farcuma est\u00e3o:<\/p>\n<p>* pele ou olhos amarelados (icter\u00edcia);<\/p>\n<p>* urina muito escura;<\/p>\n<p>* cansa\u00e7o excessivo e sem explica\u00e7\u00e3o;<\/p>\n<p>* n\u00e1useas e dores na regi\u00e3o do abd\u00f4men.<\/p>\n<p><strong>Nesses casos, a orienta\u00e7\u00e3o \u00e9 interromper o uso imediatamente e procurar um profissional de sa\u00fade. Suspeitas de eventos adversos envolvendo medicamentos devem ser notificadas ao sistema VigiMed e, no caso de suplementos, no e-Notivisa.<\/strong><\/p>\n<h2>Atualiza\u00e7\u00e3o de bulas<\/h2>\n<p><strong>Como medida preventiva, a Anvisa determinou a atualiza\u00e7\u00e3o, com avisos de seguran\u00e7a, das bulas\u00a0dos medicamentos Motore e Cumiah, ambos contendo c\u00farcuma.<\/strong><\/p>\n<p>No caso dos suplementos com c\u00farcuma, a ag\u00eancia informou que vai reavaliar o uso da subst\u00e2ncia e que tamb\u00e9m vai passar a exigir a inclus\u00e3o de advert\u00eancias obrigat\u00f3rias sobre a possibilidade de efeitos adversos nos r\u00f3tulos dos produtos.<\/p>\n<p>\u00a0<\/p>\n<\/div>\n","protected":false},"excerpt":{"rendered":"<p>A Ag\u00eancia Nacional de Vigil\u00e2ncia Sanit\u00e1ria (Anvisa) publicou nesta sexta-feira (6) um alerta de farmacovigil\u00e2ncia&#8230;<\/p>\n","protected":false},"author":2,"featured_media":0,"comment_status":"","ping_status":"","sticky":false,"template":"","format":"standard","meta":{"footnotes":""},"categories":[2],"tags":[],"class_list":["post-39269","post","type-post","status-publish","format-standard","hentry","category-jogos-ao-vivo"],"amp_enabled":true,"_links":{"self":[{"href":"https:\/\/ipatingafc.com.br\/index.php\/wp-json\/wp\/v2\/posts\/39269","targetHints":{"allow":["GET"]}}],"collection":[{"href":"https:\/\/ipatingafc.com.br\/index.php\/wp-json\/wp\/v2\/posts"}],"about":[{"href":"https:\/\/ipatingafc.com.br\/index.php\/wp-json\/wp\/v2\/types\/post"}],"author":[{"embeddable":true,"href":"https:\/\/ipatingafc.com.br\/index.php\/wp-json\/wp\/v2\/users\/2"}],"replies":[{"embeddable":true,"href":"https:\/\/ipatingafc.com.br\/index.php\/wp-json\/wp\/v2\/comments?post=39269"}],"version-history":[{"count":0,"href":"https:\/\/ipatingafc.com.br\/index.php\/wp-json\/wp\/v2\/posts\/39269\/revisions"}],"wp:attachment":[{"href":"https:\/\/ipatingafc.com.br\/index.php\/wp-json\/wp\/v2\/media?parent=39269"}],"wp:term":[{"taxonomy":"category","embeddable":true,"href":"https:\/\/ipatingafc.com.br\/index.php\/wp-json\/wp\/v2\/categories?post=39269"},{"taxonomy":"post_tag","embeddable":true,"href":"https:\/\/ipatingafc.com.br\/index.php\/wp-json\/wp\/v2\/tags?post=39269"}],"curies":[{"name":"wp","href":"https:\/\/api.w.org\/{rel}","templated":true}]}}