{"id":39272,"date":"2026-03-07T07:12:59","date_gmt":"2026-03-07T10:12:59","guid":{"rendered":"https:\/\/ipatingafc.com.br\/index.php\/2026\/03\/07\/dia-s-mobiliza-criancas-e-reforca-vigilancia-contra-sarampo-e-rubeola-em-mato-grosso-do-sul\/"},"modified":"2026-03-07T07:12:59","modified_gmt":"2026-03-07T10:12:59","slug":"dia-s-mobiliza-criancas-e-reforca-vigilancia-contra-sarampo-e-rubeola-em-mato-grosso-do-sul","status":"publish","type":"post","link":"https:\/\/ipatingafc.com.br\/index.php\/2026\/03\/07\/dia-s-mobiliza-criancas-e-reforca-vigilancia-contra-sarampo-e-rubeola-em-mato-grosso-do-sul\/","title":{"rendered":"Dia S mobiliza crian\u00e7as e refor\u00e7a vigil\u00e2ncia contra sarampo e rub\u00e9ola em Mato Grosso do Sul"},"content":{"rendered":"<p><\/p>\n<div wp_automatic_readability=\"106.92368581287\">\n<p style=\"text-align: center;\"><em>A\u00e7\u00e3o educativa da SES (Secretaria de Estado de Sa\u00fade) e SED (Secretaria de Estado de Educa\u00e7\u00e3o) no CEI Zedu integra mobiliza\u00e7\u00e3o nacional para manter elimina\u00e7\u00e3o das doen\u00e7as no pa\u00eds<\/em><\/p>\n<p>A SES (Secretaria de Estado de Sa\u00fade de Mato Grosso do Sul) e a SED (Secretaria de Estado de Educa\u00e7\u00e3o) realizaram nesta \u00faltima quinta-feira (5), uma a\u00e7\u00e3o educativa no CEI Zedu (Centro de Educa\u00e7\u00e3o Infantil Jos\u00e9 Eduardo Martins Jallad), em Campo Grande, dentro do Dia S \u2013 Dia de Mobiliza\u00e7\u00e3o Nacional de Buscas Ativas de Sarampo e Rub\u00e9ola, iniciativa do Minist\u00e9rio da Sa\u00fade que marca o 5\u00ba Dia de Mobiliza\u00e7\u00e3o Nacional voltado ao fortalecimento da vigil\u00e2ncia dessas doen\u00e7as.<\/p>\n<p>A atividade integra a mobiliza\u00e7\u00e3o nacional que prev\u00ea buscas ativas institucionais, comunit\u00e1rias e laboratoriais em todo o pa\u00eds. Durante o Dia S, profissionais de sa\u00fade promovem a\u00e7\u00f5es em escolas, domic\u00edlios, unidades de sa\u00fade e hospitais, al\u00e9m da revis\u00e3o de prontu\u00e1rios, com o objetivo de identificar poss\u00edveis casos suspeitos e manter a elimina\u00e7\u00e3o do sarampo e da rub\u00e9ola no territ\u00f3rio nacional.<\/p>\n<p><strong>AVISO DE DISPENSA N\u00ba. 08\/2026 \u2013 AQUISI\u00c7\u00c3O DE MATERIAIS ELETR\u00d4NICOS PARA ATENDER A DEMANDA DE DIVERSAS SECRETARIAS. \u2013 Prefeitura Municipal de Bonito<\/strong><\/p>\n<p><strong>Ap\u00f3s libera\u00e7\u00e3o do Governo Federal, 28 bairros receber\u00e3o asfalto em Campo Grande \u2013 CGNot\u00edcias<\/strong><\/p>\n<p><strong>A\u00e7\u00e3o educativa com crian\u00e7as<\/strong><\/p>\n<p>A programa\u00e7\u00e3o no CEI Zedu incluiu atividade l\u00fadica com bal\u00f5es, brincadeiras e a participa\u00e7\u00e3o do personagem Z\u00e9 Gotinha, al\u00e9m de uma conversa interativa com crian\u00e7as e educadores sobre a import\u00e2ncia da vacina\u00e7\u00e3o e a identifica\u00e7\u00e3o de casos suspeitos de sarampo.<\/p>\n<p>A coordenadora de Imuniza\u00e7\u00e3o da SES, Ana Paula Goldfinger, destaca que a\u00e7\u00f5es educativas ajudam a fortalecer a cultura da preven\u00e7\u00e3o desde a inf\u00e2ncia. \u201cEntendemos que as crian\u00e7as s\u00e3o grandes multiplicadoras das boas pr\u00e1ticas de sa\u00fade. Por isso organizamos uma atividade l\u00fadica com a presen\u00e7a do Z\u00e9 Gotinha, que ajudou a transmitir de forma leve e divertida a import\u00e2ncia da vacina\u00e7\u00e3o para prevenir doen\u00e7as\u201d, explica.<\/p>\n<p>A gerente de Doen\u00e7as Agudas e Exantem\u00e1ticas da SES, Jakeline Miranda, explica que a estrat\u00e9gia busca envolver as crian\u00e7as como multiplicadoras de informa\u00e7\u00e3o. \u201c\u00c9 uma a\u00e7\u00e3o voltada \u00e0 conscientiza\u00e7\u00e3o das crian\u00e7as sobre a import\u00e2ncia da vacina e sobre o que \u00e9 um caso suspeito de sarampo. Essa mobiliza\u00e7\u00e3o acontece em todo o pa\u00eds no Dia S, envolvendo profissionais de sa\u00fade e a comunidade. As crian\u00e7as acabam sendo grandes multiplicadoras dessa mensagem e levam para casa a import\u00e2ncia da vacina\u00e7\u00e3o\u201d, destaca.<\/p>\n<p><strong>Mato Grosso do Sul consolida nova matriz produtiva e lidera crescimento da ind\u00fastria de transforma\u00e7\u00e3o no pa\u00eds<\/strong><\/p>\n<p><strong>AUTORIZA\u00c7\u00c3O DE INEXIGIBILIDADE DE LICITA\u00c7\u00c3O N\u00ba 06\/2026. \u2013 Prefeitura Municipal de Bonito<\/strong><\/p>\n<p><strong>Parceria entre sa\u00fade e educa\u00e7\u00e3o<\/strong><\/p>\n<p>A iniciativa refor\u00e7a a integra\u00e7\u00e3o entre as \u00e1reas de sa\u00fade e educa\u00e7\u00e3o na promo\u00e7\u00e3o de a\u00e7\u00f5es de preven\u00e7\u00e3o.<\/p>\n<p>A diretora do CEI Zedu, F\u00e1tima Mack, ressalta que a escola recebe a a\u00e7\u00e3o pelo terceiro ano consecutivo e destaca a participa\u00e7\u00e3o dos alunos na atividade. \u201cPelo terceiro ano consecutivo recebemos a Secretaria de Estado de Sa\u00fade em parceria com a Secretaria de Estado de Educa\u00e7\u00e3o. A a\u00e7\u00e3o educativa de hoje foi realizada com as turmas de pr\u00e9-I e pr\u00e9-II, com a participa\u00e7\u00e3o de 139 crian\u00e7as de 4 e 5 anos. Esse momento de aprendizado \u00e9 muito importante, porque de forma l\u00fadica elas entendem que o Z\u00e9 Gotinha sem vacina fica dod\u00f3i e que com vacina ele fica feliz, e levam essa mensagem para as fam\u00edlias\u201d, afirma.<\/p>\n<p><strong>Situa\u00e7\u00e3o epidemiol\u00f3gica<\/strong><\/p>\n<p>A mobiliza\u00e7\u00e3o ocorre em um cen\u00e1rio epidemiol\u00f3gico considerado favor\u00e1vel. At\u00e9 a Semana Epidemiol\u00f3gica n\u00ba 8 de 2026, o Brasil n\u00e3o registrou casos confirmados de sarampo ou rub\u00e9ola.<\/p>\n<p>Em 2025, foram 38 casos confirmados de sarampo no pa\u00eds, sem registro de \u00f3bitos.<\/p>\n<p>Em Mato Grosso do Sul, os \u00faltimos casos confirmados ocorreram em 2020, quando foram registrados 10 casos no munic\u00edpio de Campo Grande. Desde 2021<strong>, <\/strong>todos os casos suspeitos investigados no Estado foram descartados.<\/p>\n<p>Um dos fatores que contribuem para esse cen\u00e1rio \u00e9 a alta cobertura vacinal. Em Mato Grosso do Sul, a cobertura contra o sarampo em crian\u00e7as aos 12 meses foi de 105,6% em 2024 e 100,6% em 2025, \u00edndices que superam a meta do PNI (Programa Nacional de Imuniza\u00e7\u00f5es), que estabelece cobertura m\u00ednima de 95%.<\/p>\n<p>Percentuais acima de 100% podem ocorrer devido a fatores como estimativas populacionais desatualizadas, vacina\u00e7\u00e3o de crian\u00e7as residentes em outros munic\u00edpios, registro de doses aplicadas com atraso ou campanhas de vacina\u00e7\u00e3o que ampliam o n\u00famero de pessoas imunizadas. Mesmo quando ultrapassam esse percentual, os dados indicam que a meta de prote\u00e7\u00e3o coletiva foi alcan\u00e7ada na localidade.<\/p>\n<p><em>Andr\u00e9 Lima, Comunica\u00e7\u00e3o SES<\/em><br \/><em>Fotos: Andr\u00e9 Lima<\/em><\/p>\n<\/div>\n","protected":false},"excerpt":{"rendered":"<p>A\u00e7\u00e3o educativa da SES (Secretaria de Estado de Sa\u00fade) e SED (Secretaria de Estado de&#8230;<\/p>\n","protected":false},"author":2,"featured_media":0,"comment_status":"","ping_status":"","sticky":false,"template":"","format":"standard","meta":{"footnotes":""},"categories":[2],"tags":[],"class_list":["post-39272","post","type-post","status-publish","format-standard","hentry","category-jogos-ao-vivo"],"amp_enabled":true,"_links":{"self":[{"href":"https:\/\/ipatingafc.com.br\/index.php\/wp-json\/wp\/v2\/posts\/39272","targetHints":{"allow":["GET"]}}],"collection":[{"href":"https:\/\/ipatingafc.com.br\/index.php\/wp-json\/wp\/v2\/posts"}],"about":[{"href":"https:\/\/ipatingafc.com.br\/index.php\/wp-json\/wp\/v2\/types\/post"}],"author":[{"embeddable":true,"href":"https:\/\/ipatingafc.com.br\/index.php\/wp-json\/wp\/v2\/users\/2"}],"replies":[{"embeddable":true,"href":"https:\/\/ipatingafc.com.br\/index.php\/wp-json\/wp\/v2\/comments?post=39272"}],"version-history":[{"count":0,"href":"https:\/\/ipatingafc.com.br\/index.php\/wp-json\/wp\/v2\/posts\/39272\/revisions"}],"wp:attachment":[{"href":"https:\/\/ipatingafc.com.br\/index.php\/wp-json\/wp\/v2\/media?parent=39272"}],"wp:term":[{"taxonomy":"category","embeddable":true,"href":"https:\/\/ipatingafc.com.br\/index.php\/wp-json\/wp\/v2\/categories?post=39272"},{"taxonomy":"post_tag","embeddable":true,"href":"https:\/\/ipatingafc.com.br\/index.php\/wp-json\/wp\/v2\/tags?post=39272"}],"curies":[{"name":"wp","href":"https:\/\/api.w.org\/{rel}","templated":true}]}}