{"id":39281,"date":"2026-03-07T10:24:48","date_gmt":"2026-03-07T13:24:48","guid":{"rendered":"https:\/\/ipatingafc.com.br\/index.php\/2026\/03\/07\/clube-de-jardinagem-faz-manejo-de-area-do-jardim-botanico-de-sorocaba-agencia-de-noticias\/"},"modified":"2026-03-07T10:24:48","modified_gmt":"2026-03-07T13:24:48","slug":"clube-de-jardinagem-faz-manejo-de-area-do-jardim-botanico-de-sorocaba-agencia-de-noticias","status":"publish","type":"post","link":"https:\/\/ipatingafc.com.br\/index.php\/2026\/03\/07\/clube-de-jardinagem-faz-manejo-de-area-do-jardim-botanico-de-sorocaba-agencia-de-noticias\/","title":{"rendered":"Clube de Jardinagem faz manejo de \u00e1rea do Jardim Bot\u00e2nico de Sorocaba \u2013 Ag\u00eancia de Not\u00edcias"},"content":{"rendered":"<p><\/p>\n<div wp_automatic_readability=\"31\">\n<div class=\"col\" wp_automatic_readability=\"7\">\n<p class=\"mt-0\">\n                        <strong><br \/>\n                            <span class=\"far fa-calendar mr-1 mt-2\"\/><br \/>\n                            6 de mar\u00e7o de 2026<br \/>\n                            <span class=\"far fa-clock ml-3 mt-2\"\/><br \/>\n                            15:46<br \/>\n                        <\/strong>\n                    <\/p>\n<p class=\"mb-0\">Por: <strong>Mariana Campos<\/strong><\/p>\n<\/p><\/div>\n<\/p><\/div>\n<div wp_automatic_readability=\"75.518367346939\">\n<p align=\"center\">\n<p style=\"text-align: left;\" align=\"center\"><em>Fotos: Sema<\/em><\/p>\n<p>O Clube de Jardinagem realizou, na manh\u00e3 de quarta-feira (4), mais um encontro no Jardim Bot\u00e2nico \u201cIrm\u00e3os Villas-B\u00f4as\u201d. Desta vez, a programa\u00e7\u00e3o reuniu os participantes para uma a\u00e7\u00e3o coletiva de manejo no futuro Jardim dos Polinizadores.<\/p>\n<p>Criada pela Prefeitura de Sorocaba, por meio da Secretaria do Meio Ambiente, Prote\u00e7\u00e3o e Bem-Estar Animal (Sema), em 2023, a iniciativa tem como objetivo promover o aprendizado e a pr\u00e1tica da jardinagem e da educa\u00e7\u00e3o ambiental.<\/p>\n<p>O futuro Jardim dos Polinizadores est\u00e1 sendo estruturado para promover aprendizado e viv\u00eancia com esp\u00e9cies vegetais atrativas a diferentes polinizadores, como abelhas, borboletas, beija-flores, vespas e morcegos, integrando um projeto paisag\u00edstico voltado \u00e0 forma\u00e7\u00e3o de um jardim mel\u00edfero e \u00e0 valoriza\u00e7\u00e3o de abelhas nativas da fauna brasileira.<\/p>\n<p>Durante a atividade desta semana, os integrantes auxiliaram na limpeza da \u00e1rea, com a retirada de galhos e folhas de leucena, esp\u00e9cie que vinha se expandindo no local e competindo com a vegeta\u00e7\u00e3o nativa de Cerrado presente no espa\u00e7o. Tamb\u00e9m foi realizado o preparo do solo com a incorpora\u00e7\u00e3o de compostagem e o plantio de mudas na \u00e1rea onde ser\u00e1 inaugurado o melipon\u00e1rio do Jardim dos Polinizadores.<\/p>\n<p>Os encontros do Clube de Jardinagem s\u00e3o abertos ao p\u00fablico e ocorrem todas \u00e0s quartas-feiras \u00fateis, das 8h30 \u00e0s 11h30. A participa\u00e7\u00e3o \u00e9 voltada ao p\u00fablico com mais de 18 anos, sem a necessidade de inscri\u00e7\u00e3o pr\u00e9via.<\/p>\n<p>O Jardim Bot\u00e2nico est\u00e1 localizado na Rua Miguel Montoro Lozano, 340, no Jardim Dois Cora\u00e7\u00f5es. Mais informa\u00e7\u00f5es podem ser obtidas de segunda a sexta-feira, das 9h \u00e0s 17h, pelo e-mail: jardimbotanico@sorocaba.sp.gov.br.<\/p>\n<p>\u00a0<\/p>\n<p><!-- Root element of PhotoSwipe. Must have class pswp. --><\/p><\/div>\n","protected":false},"excerpt":{"rendered":"<p>6 de mar\u00e7o de 2026 15:46 Por: Mariana Campos Fotos: Sema O Clube de Jardinagem&#8230;<\/p>\n","protected":false},"author":2,"featured_media":0,"comment_status":"","ping_status":"","sticky":false,"template":"","format":"standard","meta":{"footnotes":""},"categories":[2],"tags":[],"class_list":["post-39281","post","type-post","status-publish","format-standard","hentry","category-jogos-ao-vivo"],"amp_enabled":true,"_links":{"self":[{"href":"https:\/\/ipatingafc.com.br\/index.php\/wp-json\/wp\/v2\/posts\/39281","targetHints":{"allow":["GET"]}}],"collection":[{"href":"https:\/\/ipatingafc.com.br\/index.php\/wp-json\/wp\/v2\/posts"}],"about":[{"href":"https:\/\/ipatingafc.com.br\/index.php\/wp-json\/wp\/v2\/types\/post"}],"author":[{"embeddable":true,"href":"https:\/\/ipatingafc.com.br\/index.php\/wp-json\/wp\/v2\/users\/2"}],"replies":[{"embeddable":true,"href":"https:\/\/ipatingafc.com.br\/index.php\/wp-json\/wp\/v2\/comments?post=39281"}],"version-history":[{"count":0,"href":"https:\/\/ipatingafc.com.br\/index.php\/wp-json\/wp\/v2\/posts\/39281\/revisions"}],"wp:attachment":[{"href":"https:\/\/ipatingafc.com.br\/index.php\/wp-json\/wp\/v2\/media?parent=39281"}],"wp:term":[{"taxonomy":"category","embeddable":true,"href":"https:\/\/ipatingafc.com.br\/index.php\/wp-json\/wp\/v2\/categories?post=39281"},{"taxonomy":"post_tag","embeddable":true,"href":"https:\/\/ipatingafc.com.br\/index.php\/wp-json\/wp\/v2\/tags?post=39281"}],"curies":[{"name":"wp","href":"https:\/\/api.w.org\/{rel}","templated":true}]}}