{"id":39285,"date":"2026-03-07T11:58:39","date_gmt":"2026-03-07T14:58:39","guid":{"rendered":"https:\/\/ipatingafc.com.br\/index.php\/2026\/03\/07\/agencia-minas-gerais-com-aporte-de-r-40-milhoes-governo-de-minas-investe-na-recuperacao-de-rodovia-na-regiao-norte-do-estado-2\/"},"modified":"2026-03-07T11:58:39","modified_gmt":"2026-03-07T14:58:39","slug":"agencia-minas-gerais-com-aporte-de-r-40-milhoes-governo-de-minas-investe-na-recuperacao-de-rodovia-na-regiao-norte-do-estado-2","status":"publish","type":"post","link":"https:\/\/ipatingafc.com.br\/index.php\/2026\/03\/07\/agencia-minas-gerais-com-aporte-de-r-40-milhoes-governo-de-minas-investe-na-recuperacao-de-rodovia-na-regiao-norte-do-estado-2\/","title":{"rendered":"Ag\u00eancia Minas Gerais | Com aporte de R$ 40 milh\u00f5es, Governo de Minas investe na recupera\u00e7\u00e3o de rodovia na regi\u00e3o Norte do estado"},"content":{"rendered":"<p><\/p>\n<div>\n<p>O governador em exerc\u00edcio Mateus Sim\u00f5es esteve na cidade de Jana\u00faba, na regi\u00e3o Norte de Minas Gerais, nesta sexta-feira (6\/3), para anunciar um investimento de R$ 40 milh\u00f5es, para a recupera\u00e7\u00e3o da rodovia MGC-122.<\/p>\n<p>&#8220;\u00c9 mais uma obra importante do Governo de Minas. Sabemos que o Norte tem muita demanda de infraestrutura, afinal de contas, \u00e9 a regi\u00e3o menos povoada por estradas do estado. Por isso fico feliz que estamos conseguindo fazer esse investimento&#8221;, disse Mateus Sim\u00f5es, acompanhado do deputado federal Nikolas Ferreira, frisando que esse \u00e9 o maior investimento em recupera\u00e7\u00e3o de vias que o Norte j\u00e1 teve at\u00e9 hoje.<\/p>\n<p>&#8220;A BR-251 \u00e9 a rodovia mais perigosa do Brasil. O trecho que liga Salinas a Montes Claros \u00e9 um lugar de exterm\u00ednio de pessoas diariamente, ent\u00e3o a gente precisava da rota de fuga, e \u00e9 justamente a MGC-122&#8221;, observou.<\/p>\n<p>O dinheiro ser\u00e1 destinado para o recapeamento da rodovia desde Jana\u00faba at\u00e9 Espinosa. &#8220;N\u00f3s tivemos a recupera\u00e7\u00e3o da MG-401, que liga Jana\u00faba a Matias Cardosa, Jana\u00faba a Montes Claros e agora a Espinosa. Fechamos esse tri\u00e2ngulo&#8221;, explicou o governador em exerc\u00edcio.<\/p>\n<p><strong>Corredor log\u00edstico<\/strong><\/p>\n<p>&#8220;Vamos lembrar que quando a ponte de Matias estiver pronta, daqui a 18 meses, e quando a ponte de S\u00e3o Francisco estiver pronta, daqui a menos de 18 meses, n\u00f3s vamos ter transformado o Norte de Minas em um grande corredor log\u00edstico de liga\u00e7\u00e3o do Centro-Oeste com o Nordeste brasileiro. Essa reforma da MGC-122 \u00e9 parte importante disso&#8221;, destacou Sim\u00f5es.<\/p>\n<p>O projeto do recapeamento completo fica pronto ainda no m\u00eas de mar\u00e7o. &#8220;A expectativa \u00e9 que a gente consiga ainda no primeiro semestre dar ordem de servi\u00e7o, para que a obra esteja bem adiantada antes do per\u00edodo de chuvas do final do ano. Ent\u00e3o, n\u00f3s estamos falando do come\u00e7o da obra na virada do primeiro para o segundo semestre&#8221;.<\/p>\n<\/p><\/div>\n","protected":false},"excerpt":{"rendered":"<p>O governador em exerc\u00edcio Mateus Sim\u00f5es esteve na cidade de Jana\u00faba, na regi\u00e3o Norte de&#8230;<\/p>\n","protected":false},"author":2,"featured_media":0,"comment_status":"","ping_status":"","sticky":false,"template":"","format":"standard","meta":{"footnotes":""},"categories":[2],"tags":[],"class_list":["post-39285","post","type-post","status-publish","format-standard","hentry","category-jogos-ao-vivo"],"amp_enabled":true,"_links":{"self":[{"href":"https:\/\/ipatingafc.com.br\/index.php\/wp-json\/wp\/v2\/posts\/39285","targetHints":{"allow":["GET"]}}],"collection":[{"href":"https:\/\/ipatingafc.com.br\/index.php\/wp-json\/wp\/v2\/posts"}],"about":[{"href":"https:\/\/ipatingafc.com.br\/index.php\/wp-json\/wp\/v2\/types\/post"}],"author":[{"embeddable":true,"href":"https:\/\/ipatingafc.com.br\/index.php\/wp-json\/wp\/v2\/users\/2"}],"replies":[{"embeddable":true,"href":"https:\/\/ipatingafc.com.br\/index.php\/wp-json\/wp\/v2\/comments?post=39285"}],"version-history":[{"count":0,"href":"https:\/\/ipatingafc.com.br\/index.php\/wp-json\/wp\/v2\/posts\/39285\/revisions"}],"wp:attachment":[{"href":"https:\/\/ipatingafc.com.br\/index.php\/wp-json\/wp\/v2\/media?parent=39285"}],"wp:term":[{"taxonomy":"category","embeddable":true,"href":"https:\/\/ipatingafc.com.br\/index.php\/wp-json\/wp\/v2\/categories?post=39285"},{"taxonomy":"post_tag","embeddable":true,"href":"https:\/\/ipatingafc.com.br\/index.php\/wp-json\/wp\/v2\/tags?post=39285"}],"curies":[{"name":"wp","href":"https:\/\/api.w.org\/{rel}","templated":true}]}}