{"id":39286,"date":"2026-03-07T11:59:51","date_gmt":"2026-03-07T14:59:51","guid":{"rendered":"https:\/\/ipatingafc.com.br\/index.php\/2026\/03\/07\/defesa-confirma-morte-de-sicario-aliado-de-vorcaro\/"},"modified":"2026-03-07T11:59:51","modified_gmt":"2026-03-07T14:59:51","slug":"defesa-confirma-morte-de-sicario-aliado-de-vorcaro","status":"publish","type":"post","link":"https:\/\/ipatingafc.com.br\/index.php\/2026\/03\/07\/defesa-confirma-morte-de-sicario-aliado-de-vorcaro\/","title":{"rendered":"Defesa confirma morte de Sic\u00e1rio, aliado de Vorcaro"},"content":{"rendered":"<p><\/p>\n<div wp_automatic_readability=\"71.648198372724\">\n<p><strong>Luiz Phillipi Mour\u00e3o, conhecido como Sic\u00e1rio, preso na terceira fase da Opera\u00e7\u00e3o Compliance Zero, da Pol\u00edcia Federal (PF), morreu nesta sexta-feira (6), em Belo Horizonte. A informa\u00e7\u00e3o foi confirmada pela defesa dele.<\/strong><\/p>\n<p>Mour\u00e3o estava internado no centro de terapia intensiva (CTI) do Hospital Jo\u00e3o 23 desde a \u00faltima quarta-feira (4), <strong>ap\u00f3s tentativa de suic\u00eddio na pris\u00e3o<\/strong>. De acordo com a Secretaria Estadual de Sa\u00fade de Minas Gerais, havia suspeita de morte cerebral.<\/p>\n<p><strong>Em nota, o advogado de Mour\u00e3o, Robson Lucas, informou que o quadro cl\u00ednico de Mour\u00e3o se agravou e que o \u00f3bito foi declarado \u00e0s 18h55, ap\u00f3s encerramento do protocolo de morte encef\u00e1lica iniciado por volta das 10h do mesmo dia.<\/strong><\/p>\n<p><strong>Frigor\u00edfico \u00e9 obrigado a transferir gr\u00e1vidas de setor ap\u00f3s abortos<\/strong><\/p>\n<p><strong>M\u00e9dicos entram no BBB26 ap\u00f3s sister relatar dificuldade para respirar; conversa com Ana Paula preocupa f\u00e3s<\/strong><\/p>\n<h2>Entenda<\/h2>\n<p>Na manh\u00e3 da \u00faltima quarta-feira, Mour\u00e3o foi levado para a carceragem da PF na capital mineira ap\u00f3s cumprimento do <strong>mandado de pris\u00e3o emitido pelo ministro Andr\u00e9 Mendon\u00e7a, do Supremo Tribunal Federal (STF).<\/strong><\/p>\n<p>Segundo a corpora\u00e7\u00e3o, o investigado atentou contra a pr\u00f3pria vida e foi reanimado por policiais respons\u00e1veis pela cust\u00f3dia. O Servi\u00e7o de Atendimento M\u00f3vel de Urg\u00eancia (Samu) foi acionado e Mour\u00e3o foi encaminhado para o hospital.<\/p>\n<p>De acordo com as investiga\u00e7\u00f5es, Mour\u00e3o atuava como ajudante do banqueiro Daniel Vorcaro, dono do banco Master, que tamb\u00e9m foi preso na quarta-feira durante opera\u00e7\u00e3o da PF.<\/p>\n<p><strong>Sic\u00e1rio, como era chamado pelo empres\u00e1rio, seria respons\u00e1vel pelo monitoramento e obten\u00e7\u00e3o de informa\u00e7\u00f5es sigilosas de pessoas consideradas advers\u00e1rias dos interesses do banqueiro.<\/strong><\/p>\n<p><strong>CNU 2025: prazo para convocado confirmar interesse em vaga come\u00e7a hoje<\/strong><\/p>\n<p><strong>Autonomia financeira \u00e9 prioridade para mulheres, aponta pesquisa<\/strong><\/p>\n<h2>Centro de Valoriza\u00e7\u00e3o da Vida<\/h2>\n<p>Qualquer pessoa com pensamentos e sentimentos de querer acabar com a pr\u00f3pria vida deve buscar acolhimento em sua rede de apoio, como familiares, amigos e educadores, e tamb\u00e9m em servi\u00e7os de sa\u00fade.<\/p>\n<p>De acordo com o Minist\u00e9rio da Sa\u00fade, \u00e9 importante conversar com algu\u00e9m de confian\u00e7a e n\u00e3o hesitar em pedir ajuda, inclusive para buscar servi\u00e7os de sa\u00fade.<\/p>\n<p>O Centro de Valoriza\u00e7\u00e3o da Vida (CVV) oferece apoio emocional e preven\u00e7\u00e3o do suic\u00eddio, atendendo volunt\u00e1ria e gratuitamente todas as pessoas que querem e precisam conversar, sob total sigilo, por telefone (188), e-mail, chat e voip 24 horas todos os dias.<\/p>\n<p><em>*Colaborou Andr\u00e9 Richter<\/em><\/p>\n<\/div>\n","protected":false},"excerpt":{"rendered":"<p>Luiz Phillipi Mour\u00e3o, conhecido como Sic\u00e1rio, preso na terceira fase da Opera\u00e7\u00e3o Compliance Zero, da&#8230;<\/p>\n","protected":false},"author":2,"featured_media":0,"comment_status":"","ping_status":"","sticky":false,"template":"","format":"standard","meta":{"footnotes":""},"categories":[2],"tags":[],"class_list":["post-39286","post","type-post","status-publish","format-standard","hentry","category-jogos-ao-vivo"],"amp_enabled":true,"_links":{"self":[{"href":"https:\/\/ipatingafc.com.br\/index.php\/wp-json\/wp\/v2\/posts\/39286","targetHints":{"allow":["GET"]}}],"collection":[{"href":"https:\/\/ipatingafc.com.br\/index.php\/wp-json\/wp\/v2\/posts"}],"about":[{"href":"https:\/\/ipatingafc.com.br\/index.php\/wp-json\/wp\/v2\/types\/post"}],"author":[{"embeddable":true,"href":"https:\/\/ipatingafc.com.br\/index.php\/wp-json\/wp\/v2\/users\/2"}],"replies":[{"embeddable":true,"href":"https:\/\/ipatingafc.com.br\/index.php\/wp-json\/wp\/v2\/comments?post=39286"}],"version-history":[{"count":0,"href":"https:\/\/ipatingafc.com.br\/index.php\/wp-json\/wp\/v2\/posts\/39286\/revisions"}],"wp:attachment":[{"href":"https:\/\/ipatingafc.com.br\/index.php\/wp-json\/wp\/v2\/media?parent=39286"}],"wp:term":[{"taxonomy":"category","embeddable":true,"href":"https:\/\/ipatingafc.com.br\/index.php\/wp-json\/wp\/v2\/categories?post=39286"},{"taxonomy":"post_tag","embeddable":true,"href":"https:\/\/ipatingafc.com.br\/index.php\/wp-json\/wp\/v2\/tags?post=39286"}],"curies":[{"name":"wp","href":"https:\/\/api.w.org\/{rel}","templated":true}]}}