{"id":39294,"date":"2026-03-07T15:06:46","date_gmt":"2026-03-07T18:06:46","guid":{"rendered":"https:\/\/ipatingafc.com.br\/index.php\/2026\/03\/07\/agencia-minas-gerais-defesa-civil-de-minas-gerais-alerta-para-previsao-de-chuvas-intensas-ate-domingo-8-3-2\/"},"modified":"2026-03-07T15:06:46","modified_gmt":"2026-03-07T18:06:46","slug":"agencia-minas-gerais-defesa-civil-de-minas-gerais-alerta-para-previsao-de-chuvas-intensas-ate-domingo-8-3-2","status":"publish","type":"post","link":"https:\/\/ipatingafc.com.br\/index.php\/2026\/03\/07\/agencia-minas-gerais-defesa-civil-de-minas-gerais-alerta-para-previsao-de-chuvas-intensas-ate-domingo-8-3-2\/","title":{"rendered":"Ag\u00eancia Minas Gerais | Defesa Civil de Minas Gerais alerta para previs\u00e3o de chuvas intensas at\u00e9 domingo (8\/3)"},"content":{"rendered":"<p><\/p>\n<div>\n<p>A Coordenadoria Estadual de Defesa Civil de Minas Gerais (Cedec-MG) informa que a previs\u00e3o do tempo para os dias 6, 7 e 8\/3\u00a0indica a chegada de uma frente fria ao estado, associada \u00e0 atua\u00e7\u00e3o de um ciclone extratropical em alto mar, o que deve provocar mudan\u00e7as significativas nas condi\u00e7\u00f5es clim\u00e1ticas em diversas regi\u00f5es mineiras.<\/p>\n<p>De acordo com a equipe do Centro Integrado de Informa\u00e7\u00f5es de Defesa Civil (Cindec), o sistema meteorol\u00f3gico deve favorecer a forma\u00e7\u00e3o de ventos intensos, de moderados a fortes, e carregados de umidade, que ser\u00e3o sentidos em praticamente todo o territ\u00f3rio mineiro. Como consequ\u00eancia, h\u00e1 previs\u00e3o de queda nas temperaturas e aumento das chuvas, que podem ocorrer de forma persistente e com volumes expressivos.<\/p>\n<p>As precipita\u00e7\u00f5es devem variar de moderada a forte intensidade, com possibilidade de acumulados superiores a 100 mil\u00edmetros at\u00e9 a pr\u00f3xima ter\u00e7a-feira (10\/3).<\/p>\n<p>As \u00e1reas com maior potencial de impacto incluem as regi\u00f5es Sul\/Sudoeste de Minas, Leste do estado e, principalmente, a Zona da Mata, onde munic\u00edpios como Ub\u00e1, Juiz de Fora e Matias Barbosa j\u00e1 enfrentam situa\u00e7\u00f5es de calamidade ou emerg\u00eancia em decorr\u00eancia das chuvas recentes.<\/p>\n<p>Segundo a Defesa Civil, o cen\u00e1rio exige aten\u00e7\u00e3o redobrada, uma vez que o solo j\u00e1 se encontra bastante encharcado, o que aumenta o risco de deslizamentos de terra e eleva\u00e7\u00e3o r\u00e1pida dos n\u00edveis de rios e c\u00f3rregos.<\/p>\n<p>A Defesa Civil de Minas Gerais segue monitorando as condi\u00e7\u00f5es meteorol\u00f3gicas e refor\u00e7a a import\u00e2ncia de a popula\u00e7\u00e3o acompanhar as atualiza\u00e7\u00f5es oficiais. A previs\u00e3o ainda pode sofrer ajustes nos pr\u00f3ximos dias, conforme novas an\u00e1lises da equipe t\u00e9cnica do Cindec.<\/p>\n<p>Em caso de situa\u00e7\u00f5es de risco, a orienta\u00e7\u00e3o \u00e9 que a popula\u00e7\u00e3o procure um local seguro e acione os \u00f3rg\u00e3os respons\u00e1veis pelos telefones 199 (Defesa Civil), 190 (Pol\u00edcia Militar) ou 193 (Corpo de Bombeiros).<\/p>\n<\/p><\/div>\n","protected":false},"excerpt":{"rendered":"<p>A Coordenadoria Estadual de Defesa Civil de Minas Gerais (Cedec-MG) informa que a previs\u00e3o do&#8230;<\/p>\n","protected":false},"author":2,"featured_media":0,"comment_status":"","ping_status":"","sticky":false,"template":"","format":"standard","meta":{"footnotes":""},"categories":[2],"tags":[],"class_list":["post-39294","post","type-post","status-publish","format-standard","hentry","category-jogos-ao-vivo"],"amp_enabled":true,"_links":{"self":[{"href":"https:\/\/ipatingafc.com.br\/index.php\/wp-json\/wp\/v2\/posts\/39294","targetHints":{"allow":["GET"]}}],"collection":[{"href":"https:\/\/ipatingafc.com.br\/index.php\/wp-json\/wp\/v2\/posts"}],"about":[{"href":"https:\/\/ipatingafc.com.br\/index.php\/wp-json\/wp\/v2\/types\/post"}],"author":[{"embeddable":true,"href":"https:\/\/ipatingafc.com.br\/index.php\/wp-json\/wp\/v2\/users\/2"}],"replies":[{"embeddable":true,"href":"https:\/\/ipatingafc.com.br\/index.php\/wp-json\/wp\/v2\/comments?post=39294"}],"version-history":[{"count":0,"href":"https:\/\/ipatingafc.com.br\/index.php\/wp-json\/wp\/v2\/posts\/39294\/revisions"}],"wp:attachment":[{"href":"https:\/\/ipatingafc.com.br\/index.php\/wp-json\/wp\/v2\/media?parent=39294"}],"wp:term":[{"taxonomy":"category","embeddable":true,"href":"https:\/\/ipatingafc.com.br\/index.php\/wp-json\/wp\/v2\/categories?post=39294"},{"taxonomy":"post_tag","embeddable":true,"href":"https:\/\/ipatingafc.com.br\/index.php\/wp-json\/wp\/v2\/tags?post=39294"}],"curies":[{"name":"wp","href":"https:\/\/api.w.org\/{rel}","templated":true}]}}