{"id":39296,"date":"2026-03-07T16:05:43","date_gmt":"2026-03-07T19:05:43","guid":{"rendered":"https:\/\/ipatingafc.com.br\/index.php\/2026\/03\/07\/apos-o-ouro-olimpico-lucas-pinheiro-volta-a-ser-campeao-na-eslovenia\/"},"modified":"2026-03-07T16:05:43","modified_gmt":"2026-03-07T19:05:43","slug":"apos-o-ouro-olimpico-lucas-pinheiro-volta-a-ser-campeao-na-eslovenia","status":"publish","type":"post","link":"https:\/\/ipatingafc.com.br\/index.php\/2026\/03\/07\/apos-o-ouro-olimpico-lucas-pinheiro-volta-a-ser-campeao-na-eslovenia\/","title":{"rendered":"Ap\u00f3s o ouro ol\u00edmpico, Lucas Pinheiro volta a ser campe\u00e3o na Eslov\u00eania"},"content":{"rendered":"<p><\/p>\n<div wp_automatic_readability=\"33.281596452328\">\n<p>O esquiador brasileiro Lucas Pinheiro Braathen voltou a ser campe\u00e3o in\u00e9dito neste s\u00e1bado (7) na Eslov\u00eania, tr\u00eas semanas ap\u00f3s conquistar o primeira medalha de ouro do pa\u00eds na Olimp\u00edada de Inverno Mil\u00e3o-Cortina (It\u00e1lia). O atleta de 25 anos venceu a prova do slalom gigante na etapa da Copa do Mundo de esqui alpinho, na cidade de Kranjska Gora, com o tempo de \u00a02min11s95.<\/p>\n<p>Lucas \u00e9 o vice-l\u00edder no ranking do slalom gigante, com 447 pontos, atr\u00e1s apenas do su\u00ed\u00e7o Marco Odermatt (495) que terminou a prova de hoje na quinta posi\u00e7\u00e3o. A prata ficou com o su\u00ed\u00e7o Loic Meillard e o bronze com o austr\u00edaco Stefan Brennsteiner.<\/p>\n<blockquote class=\"instagram-media\" data-instgrm-captioned=\"\" data-instgrm-permalink=\"https:\/\/www.instagram.com\/reel\/DVl0zCtCFcb\/?utm_source=ig_embed&amp;utm_campaign=loading\" data-instgrm-version=\"14\" style=\" background:#FFF; border:0; border-radius:3px; box-shadow:0 0 1px 0 rgba(0,0,0,0.5),0 1px 10px 0 rgba(0,0,0,0.15); margin: 1px; max-width:540px; min-width:326px; padding:0; width:99.375%; width:-webkit-calc(100% - 2px); width:calc(100% - 2px);\"><\/blockquote>\n<p>Nascido em Oslo (Noruega), filho de m\u00e3e brasileira, Lucas Pinheiro\u00a0volta a competir neste domingo (8) na prova de slalom e tem chances de subir para a lideran\u00e7a da temporada. Lucas est\u00e1 em segundo lugar no ranking com om 451 pontos, um a menos que o l\u00edder, o noruegu\u00eas Atle Lie McGrath (452). No domingo (7), a\u00a0\u00a0primeira descida est\u00e1 programada para \u00e0s 5h30 (hor\u00e1rio de Bras\u00edlia), e a segunda e \u00faltima para \u00e0s 8h30.\u00a0<\/p>\n<p><strong>Defesa de Vorcaro pede acesso \u00e0 per\u00edcia de celulares apreendidos<\/strong><\/p>\n<p><strong>Ataque \u00e0 escola de meninas no Ir\u00e3 exp\u00f5e os horrores da guerra<\/strong><\/p>\n<p>As finais da Copa do Mundo de esqui alpino ocorrer\u00e3o nos dias\u00a024 e 25 de mar\u00e7o, em Lillehammer (Noruega).<\/p>\n<\/div>\n<p><script async src=\"\/\/www.instagram.com\/embed.js\"><\/script><\/p>\n","protected":false},"excerpt":{"rendered":"<p>O esquiador brasileiro Lucas Pinheiro Braathen voltou a ser campe\u00e3o in\u00e9dito neste s\u00e1bado (7) na&#8230;<\/p>\n","protected":false},"author":2,"featured_media":0,"comment_status":"","ping_status":"","sticky":false,"template":"","format":"standard","meta":{"footnotes":""},"categories":[2],"tags":[],"class_list":["post-39296","post","type-post","status-publish","format-standard","hentry","category-jogos-ao-vivo"],"amp_enabled":true,"_links":{"self":[{"href":"https:\/\/ipatingafc.com.br\/index.php\/wp-json\/wp\/v2\/posts\/39296","targetHints":{"allow":["GET"]}}],"collection":[{"href":"https:\/\/ipatingafc.com.br\/index.php\/wp-json\/wp\/v2\/posts"}],"about":[{"href":"https:\/\/ipatingafc.com.br\/index.php\/wp-json\/wp\/v2\/types\/post"}],"author":[{"embeddable":true,"href":"https:\/\/ipatingafc.com.br\/index.php\/wp-json\/wp\/v2\/users\/2"}],"replies":[{"embeddable":true,"href":"https:\/\/ipatingafc.com.br\/index.php\/wp-json\/wp\/v2\/comments?post=39296"}],"version-history":[{"count":0,"href":"https:\/\/ipatingafc.com.br\/index.php\/wp-json\/wp\/v2\/posts\/39296\/revisions"}],"wp:attachment":[{"href":"https:\/\/ipatingafc.com.br\/index.php\/wp-json\/wp\/v2\/media?parent=39296"}],"wp:term":[{"taxonomy":"category","embeddable":true,"href":"https:\/\/ipatingafc.com.br\/index.php\/wp-json\/wp\/v2\/categories?post=39296"},{"taxonomy":"post_tag","embeddable":true,"href":"https:\/\/ipatingafc.com.br\/index.php\/wp-json\/wp\/v2\/tags?post=39296"}],"curies":[{"name":"wp","href":"https:\/\/api.w.org\/{rel}","templated":true}]}}