{"id":39299,"date":"2026-03-07T17:27:53","date_gmt":"2026-03-07T20:27:53","guid":{"rendered":"https:\/\/ipatingafc.com.br\/index.php\/2026\/03\/07\/acontece-neste-domingo-a-feira-de-adocao-de-caes-resgatados-cgnoticias\/"},"modified":"2026-03-07T17:27:53","modified_gmt":"2026-03-07T20:27:53","slug":"acontece-neste-domingo-a-feira-de-adocao-de-caes-resgatados-cgnoticias","status":"publish","type":"post","link":"https:\/\/ipatingafc.com.br\/index.php\/2026\/03\/07\/acontece-neste-domingo-a-feira-de-adocao-de-caes-resgatados-cgnoticias\/","title":{"rendered":"Acontece neste domingo a feira de ado\u00e7\u00e3o de c\u00e3es resgatados \u2013 CGNot\u00edcias"},"content":{"rendered":"<p><\/p>\n<div wp_automatic_readability=\"36.453386988598\">\n<p>A Prefeitura, por meio da Superintend\u00eancia de Bem-Estar Animal (Subea), realiza neste domingo (8) mais uma edi\u00e7\u00e3o da tradicional feira de ado\u00e7\u00e3o respons\u00e1vel. A a\u00e7\u00e3o acontece das 9h \u00e0s 12h, na Pra\u00e7a Bol\u00edvia, localizada na Rua das Gar\u00e7as com An\u00edbal de Mendon\u00e7a.<\/p>\n<p>Nesta edi\u00e7\u00e3o, o evento ser\u00e1 dedicado exclusivamente a c\u00e3es adultos resgatados de situa\u00e7\u00f5es de maus-tratos. Oito deles ainda aguardam por um novo lar e uma chance de recome\u00e7ar, cercados de amor e cuidado.<\/p>\n<p>Todos os animais passaram por avalia\u00e7\u00e3o cl\u00ednica com m\u00e9dico-veterin\u00e1rio, est\u00e3o vacinados (polivalente e antirr\u00e1bica), microchipados e a maioria j\u00e1 est\u00e1 castrada. A iniciativa garante mais seguran\u00e7a tanto para os pets quanto para as fam\u00edlias adotantes, refor\u00e7ando o compromisso com a ado\u00e7\u00e3o respons\u00e1vel.<\/p>\n<p><strong>AUTORIZA\u00c7\u00c3O DE INEXIGIBILIDADE DE LICITA\u00c7\u00c3O N\u00ba 07\/2026 \u2013 Prefeitura Municipal de Bonito<\/strong><\/p>\n<p><strong>Dia S mobiliza crian\u00e7as e refor\u00e7a vigil\u00e2ncia contra sarampo e rub\u00e9ola em Mato Grosso do Sul<\/strong><\/p>\n<p>Al\u00e9m de saud\u00e1veis, os c\u00e3es s\u00e3o descritos pela equipe da Subea como amorosos, d\u00f3ceis e extremamente fi\u00e9is, o que faz com que eles estejam prontos para retribuir com carinho a oportunidade de uma nova vida. Adotar \u00e9 um ato de amor e responsabilidade.<\/p>\n<p><strong>A\u00e7\u00e3o de Ado\u00e7\u00e3o<\/strong><br \/><strong>Domingo \u2013 08\/03\/2026<\/strong><br \/><strong>Das 9h \u00e0s 12h<\/strong><br \/><strong>Pra\u00e7a Bol\u00edvia (Rua das Gar\u00e7as com An\u00edbal de Mendon\u00e7a)<\/strong><\/p>\n<p><em>#ParaTodosVerem <br \/>Foto em destaque mostra um dos cachorrinhos que estar\u00e1 para adoa\u00e7\u00e3o<\/em><\/p>\n<\/div>\n<p><script async defer src=\"https:\/\/connect.facebook.net\/en_US\/sdk.js?ver=1#xfbml=1&amp;version=v3.2\" id=\"prefeitura-campogrande-script-facebook-sdk-js\" type=\"6722872f56b7a35be70f736e-text\/javascript\"><\/script><\/p>\n","protected":false},"excerpt":{"rendered":"<p>A Prefeitura, por meio da Superintend\u00eancia de Bem-Estar Animal (Subea), realiza neste domingo (8) mais&#8230;<\/p>\n","protected":false},"author":2,"featured_media":0,"comment_status":"","ping_status":"","sticky":false,"template":"","format":"standard","meta":{"footnotes":""},"categories":[2],"tags":[],"class_list":["post-39299","post","type-post","status-publish","format-standard","hentry","category-jogos-ao-vivo"],"amp_enabled":true,"_links":{"self":[{"href":"https:\/\/ipatingafc.com.br\/index.php\/wp-json\/wp\/v2\/posts\/39299","targetHints":{"allow":["GET"]}}],"collection":[{"href":"https:\/\/ipatingafc.com.br\/index.php\/wp-json\/wp\/v2\/posts"}],"about":[{"href":"https:\/\/ipatingafc.com.br\/index.php\/wp-json\/wp\/v2\/types\/post"}],"author":[{"embeddable":true,"href":"https:\/\/ipatingafc.com.br\/index.php\/wp-json\/wp\/v2\/users\/2"}],"replies":[{"embeddable":true,"href":"https:\/\/ipatingafc.com.br\/index.php\/wp-json\/wp\/v2\/comments?post=39299"}],"version-history":[{"count":0,"href":"https:\/\/ipatingafc.com.br\/index.php\/wp-json\/wp\/v2\/posts\/39299\/revisions"}],"wp:attachment":[{"href":"https:\/\/ipatingafc.com.br\/index.php\/wp-json\/wp\/v2\/media?parent=39299"}],"wp:term":[{"taxonomy":"category","embeddable":true,"href":"https:\/\/ipatingafc.com.br\/index.php\/wp-json\/wp\/v2\/categories?post=39299"},{"taxonomy":"post_tag","embeddable":true,"href":"https:\/\/ipatingafc.com.br\/index.php\/wp-json\/wp\/v2\/tags?post=39299"}],"curies":[{"name":"wp","href":"https:\/\/api.w.org\/{rel}","templated":true}]}}