{"id":39301,"date":"2026-03-07T18:15:48","date_gmt":"2026-03-07T21:15:48","guid":{"rendered":"https:\/\/ipatingafc.com.br\/index.php\/2026\/03\/07\/agencia-minas-gerais-previsao-do-tempo-para-minas-gerais-neste-sabado-7-de-marco-2\/"},"modified":"2026-03-07T18:15:48","modified_gmt":"2026-03-07T21:15:48","slug":"agencia-minas-gerais-previsao-do-tempo-para-minas-gerais-neste-sabado-7-de-marco-2","status":"publish","type":"post","link":"https:\/\/ipatingafc.com.br\/index.php\/2026\/03\/07\/agencia-minas-gerais-previsao-do-tempo-para-minas-gerais-neste-sabado-7-de-marco-2\/","title":{"rendered":"Ag\u00eancia Minas Gerais | Previs\u00e3o do tempo para Minas Gerais neste s\u00e1bado, 7 de mar\u00e7o"},"content":{"rendered":"<p><\/p>\n<div>\n<p>O s\u00e1bado (7\/3) em Minas Gerais deve ser de c\u00e9u parcialmente nublado, com pancadas de chuvas e trovoadas isoladas, nas regi\u00f5es Noroeste, Central, Tri\u00e2ngulo Mineiro, Alto Parana\u00edba, Oeste, Sul, Sudoeste, Campo das Vertentes, Zona da Mata e na Regi\u00e3o Metropolitana de Belo Horizonte (RMBH). Nas outras regi\u00f5es\u00a0do estado, a previs\u00e3o \u00e9 de c\u00e9u parcialmente nublado, com possibilidade de chuvas isoladas.<\/p>\n<p>A temperatura em Minas deve ficar entre a m\u00ednima de 15\u00b0 C e a m\u00e1xima de 34\u00b0 C.<\/p>\n<p>Clique aqui para conferir a previs\u00e3o completa do Instituto Nacional de Meteorologia (Inmet).<\/p>\n<\/p><\/div>\n","protected":false},"excerpt":{"rendered":"<p>O s\u00e1bado (7\/3) em Minas Gerais deve ser de c\u00e9u parcialmente nublado, com pancadas de&#8230;<\/p>\n","protected":false},"author":2,"featured_media":0,"comment_status":"","ping_status":"","sticky":false,"template":"","format":"standard","meta":{"footnotes":""},"categories":[2],"tags":[],"class_list":["post-39301","post","type-post","status-publish","format-standard","hentry","category-jogos-ao-vivo"],"amp_enabled":true,"_links":{"self":[{"href":"https:\/\/ipatingafc.com.br\/index.php\/wp-json\/wp\/v2\/posts\/39301","targetHints":{"allow":["GET"]}}],"collection":[{"href":"https:\/\/ipatingafc.com.br\/index.php\/wp-json\/wp\/v2\/posts"}],"about":[{"href":"https:\/\/ipatingafc.com.br\/index.php\/wp-json\/wp\/v2\/types\/post"}],"author":[{"embeddable":true,"href":"https:\/\/ipatingafc.com.br\/index.php\/wp-json\/wp\/v2\/users\/2"}],"replies":[{"embeddable":true,"href":"https:\/\/ipatingafc.com.br\/index.php\/wp-json\/wp\/v2\/comments?post=39301"}],"version-history":[{"count":0,"href":"https:\/\/ipatingafc.com.br\/index.php\/wp-json\/wp\/v2\/posts\/39301\/revisions"}],"wp:attachment":[{"href":"https:\/\/ipatingafc.com.br\/index.php\/wp-json\/wp\/v2\/media?parent=39301"}],"wp:term":[{"taxonomy":"category","embeddable":true,"href":"https:\/\/ipatingafc.com.br\/index.php\/wp-json\/wp\/v2\/categories?post=39301"},{"taxonomy":"post_tag","embeddable":true,"href":"https:\/\/ipatingafc.com.br\/index.php\/wp-json\/wp\/v2\/tags?post=39301"}],"curies":[{"name":"wp","href":"https:\/\/api.w.org\/{rel}","templated":true}]}}