{"id":39316,"date":"2026-03-07T23:44:40","date_gmt":"2026-03-08T02:44:40","guid":{"rendered":"https:\/\/ipatingafc.com.br\/index.php\/2026\/03\/07\/secretaria-da-mulher-realiza-aula-inaugural-dos-cursos-de-capacitacao-do-programa-mulheres-do-rio-prefeitura-da-cidade-do-rio-de-janeiro\/"},"modified":"2026-03-07T23:44:40","modified_gmt":"2026-03-08T02:44:40","slug":"secretaria-da-mulher-realiza-aula-inaugural-dos-cursos-de-capacitacao-do-programa-mulheres-do-rio-prefeitura-da-cidade-do-rio-de-janeiro","status":"publish","type":"post","link":"https:\/\/ipatingafc.com.br\/index.php\/2026\/03\/07\/secretaria-da-mulher-realiza-aula-inaugural-dos-cursos-de-capacitacao-do-programa-mulheres-do-rio-prefeitura-da-cidade-do-rio-de-janeiro\/","title":{"rendered":"Secretaria da Mulher realiza aula inaugural dos cursos de capacita\u00e7\u00e3o do programa \u2018Mulheres do Rio\u2019 &#8211; Prefeitura da Cidade do Rio de Janeiro"},"content":{"rendered":"<p><\/p>\n<div wp_automatic_readability=\"98.78120124805\">\n<div class=\"image-post\" wp_automatic_readability=\"36\">\n                     Iniciativa oferece mais de 6,8 mil vagas em cursos gratuitos para promover autonomia financeira, qualifica\u00e7\u00e3o profissional e oportunidades para mulheres cariocas &#8211; Foto: Iago Campos\/Prefeitura do Rio                  <\/div>\n<p>O vice-prefeito do Rio de Janeiro, Eduardo Cavaliere, e a secret\u00e1ria de Pol\u00edticas para Mulheres e Cuidados, Joyce Trindade, promoveram, neste s\u00e1bado (07\/03), a aula inaugural dos cursos de capacita\u00e7\u00e3o do programa Mulheres do Rio 2026. O evento foi realizado no Gin\u00e1sio Educacional Ol\u00edmpico Isabel Salgado, na Barra Ol\u00edmpica. As turmas, que s\u00e3o oferecidas nos espa\u00e7os de acolhimento e forma\u00e7\u00e3o da SPM-Rio, preparam as alunas nas \u00e1reas de tecnologia, beleza, cuidado e idiomas, entre outras.<\/p>\n<p>\u2014 O nosso papel \u00e9 pequenininho mas, ao mesmo tempo, \u00e9 muito importante. \u00c9 permitir que mulheres possam ser o que quiserem. Fizemos mais Casas da Mulher Carioca: criamos uma nova casa em Campo Grande, uma em Coelho Neto, em Realengo; avan\u00e7amos com o Cart\u00e3o Move Mulher, com a Ronda Maria da Penha, cruzamos o atendimento das mulheres com Cegonha Carioca na Secretaria de Sa\u00fade para toda m\u00e3e ter o acompanhamento desde a gravidez na rede p\u00fablica municipal de sa\u00fade. Tudo isso que a gente faz \u00e9 para minimizar ou para amenizar a diferen\u00e7a absurda que ainda existe entre homens e mulheres na nossa sociedade \u2014, disse o vice-prefeito Eduardo Cavaliere.<\/p>\n<p>Ao todo, foram abertas mais de 6.800 vagas. De acordo com a secret\u00e1ria de Pol\u00edticas para Mulheres, Joyce Trindade, dar acesso \u00e0 capacita\u00e7\u00e3o permite a constru\u00e7\u00e3o de uma sociedade mais justa.<\/p>\n<p>\u2014 Quando a gente transforma a vida de uma mulher n\u00f3s transformamos gera\u00e7\u00f5es. N\u00f3s queremos oportunidade de empreender. N\u00f3s queremos a chance de trazer pra nossa casa qualidade, alimento e educa\u00e7\u00e3o para nossas crian\u00e7as. Nossa miss\u00e3o \u00e9 garantir que um diploma esteja na m\u00e3o e que a carteira de trabalho tamb\u00e9m seja assinada \u2014 disse a secret\u00e1ria.<\/p>\n<p><strong>Mais de 360 mil mulheres capacitadas<\/strong><\/p>\n<p>As Casas da Mulher Carioca s\u00e3o espa\u00e7os de promo\u00e7\u00e3o de direitos e de enfrentamento \u00e0 viol\u00eancia contra a mulher. Al\u00e9m de cursos e oficinas de capacita\u00e7\u00e3o, oferecem orienta\u00e7\u00e3o jur\u00eddica, psicol\u00f3gica e encaminhamento para servi\u00e7os da Assist\u00eancia Social. A rede tamb\u00e9m conta com as Salas da Mulher Cidad\u00e3, que ampliam o acesso das mulheres a qualifica\u00e7\u00e3o, acolhimento e oportunidades em diferentes territ\u00f3rios da cidade.<\/p>\n<p>Desde 2021, mais de 360 mil mulheres j\u00e1 foram capacitadas, fortalecendo a autonomia feminina e ampliando oportunidades de gera\u00e7\u00e3o de renda no munic\u00edpio.<\/p>\n<p>Uma delas \u00e9 Roselaine Gomes, que se capacitou Casa da Mulher Carioca Dinah Coutinho, em Realengo, em 2023, e atualmente \u00e9 empreendedora e realiza oficinas compartilhando os aprendizados com outras alunas nos polos de Campo Grande e Realengo.<\/p>\n<p>\u2014 Meu primeiro curso foi de fotografia com celular para empreendedorismo, porque eu sempre gostei muito de fotografia. \u2029A\u00ed o segundo foi de design gr\u00e1fico e o terceiro foi de bijuterias. Quando eu fiz o de bijuteria eu me encontrei realmente nesse mundo, e a\u00ed me tornei empreendedora e comecei a usar todos esses tr\u00eas cursos que eu fiz. Com as fotografias eu comecei a fotografar os meus produtos, com o curso de design gr\u00e1fico eu inventei a minha marca e fiz a minha logo, e comecei a desenvolver meus produtos tamb\u00e9m no ramo da bijuteria.<\/p>\n<p><strong>Emprega Ela<\/strong><\/p>\n<p>A plataforma Emprega Elas funciona como um Banco de Talentos para mulheres que passaram pelos cursos de capacita\u00e7\u00e3o da Secretaria de Pol\u00edticas para Mulheres e Cuidados concorrerem a vagas de emprego, e com isso promover a autonomia. Focado em \u00e1reas como tecnologia, cuidados, est\u00e9tica, cozinha e administra\u00e7\u00e3o, o programa incentiva a inclus\u00e3o feminina no mercado de trabalho.<\/p>\n<p>Os curr\u00edculos cadastrados na plataforma ficam dispon\u00edveis para as empresas parceiras apenas com as informa\u00e7\u00f5es profissionais das candidatas, sem expor informa\u00e7\u00f5es sens\u00edveis sobre elas.<\/p>\n<p>Uma das empresas parceiras \u00e9 o Grupo Redentor, que junto com outras, recebeu uma placa de reconhecimento pela parceria com o programa e por contribuir para a empregabilidade de mulheres em situa\u00e7\u00e3o de vulnerabilidade.<\/p>\n<p>\u2014 \u00c9 muito importante a gente, em um universo que \u00e9 muito machista, trazer essa oportunidade para mulheres, para que elas possam ter mais oportunidades no mercado de trabalho e os mesmos direitos que os homens \u2014 disse Karina Damis, representante do Grupo Redentor.<\/p>\n<p>             <!-- Compartilhe ---><\/p>\n<p>\t\t\t <!-- TAGS --><\/p>\n<section class=\"category-tags\">\n<article class=\"tags\">\n\t\t\t\t\tMarca\u00e7\u00f5es: capacita\u00e7\u00e3o mulheres mulheres do rio Secretaria da Mulher<br \/><\/article>\n<\/section>\n<p>            <!-- Mais Not&iacute;cias --><\/p>\n<p>\t\t<!-- Conte&uacute;do SIDEBAR --><\/p><\/div>\n","protected":false},"excerpt":{"rendered":"<p>Iniciativa oferece mais de 6,8 mil vagas em cursos gratuitos para promover autonomia financeira, qualifica\u00e7\u00e3o&#8230;<\/p>\n","protected":false},"author":2,"featured_media":0,"comment_status":"","ping_status":"","sticky":false,"template":"","format":"standard","meta":{"footnotes":""},"categories":[2],"tags":[],"class_list":["post-39316","post","type-post","status-publish","format-standard","hentry","category-jogos-ao-vivo"],"amp_enabled":true,"_links":{"self":[{"href":"https:\/\/ipatingafc.com.br\/index.php\/wp-json\/wp\/v2\/posts\/39316","targetHints":{"allow":["GET"]}}],"collection":[{"href":"https:\/\/ipatingafc.com.br\/index.php\/wp-json\/wp\/v2\/posts"}],"about":[{"href":"https:\/\/ipatingafc.com.br\/index.php\/wp-json\/wp\/v2\/types\/post"}],"author":[{"embeddable":true,"href":"https:\/\/ipatingafc.com.br\/index.php\/wp-json\/wp\/v2\/users\/2"}],"replies":[{"embeddable":true,"href":"https:\/\/ipatingafc.com.br\/index.php\/wp-json\/wp\/v2\/comments?post=39316"}],"version-history":[{"count":0,"href":"https:\/\/ipatingafc.com.br\/index.php\/wp-json\/wp\/v2\/posts\/39316\/revisions"}],"wp:attachment":[{"href":"https:\/\/ipatingafc.com.br\/index.php\/wp-json\/wp\/v2\/media?parent=39316"}],"wp:term":[{"taxonomy":"category","embeddable":true,"href":"https:\/\/ipatingafc.com.br\/index.php\/wp-json\/wp\/v2\/categories?post=39316"},{"taxonomy":"post_tag","embeddable":true,"href":"https:\/\/ipatingafc.com.br\/index.php\/wp-json\/wp\/v2\/tags?post=39316"}],"curies":[{"name":"wp","href":"https:\/\/api.w.org\/{rel}","templated":true}]}}