{"id":39359,"date":"2026-03-08T22:51:49","date_gmt":"2026-03-09T01:51:49","guid":{"rendered":"https:\/\/ipatingafc.com.br\/index.php\/2026\/03\/08\/filho-de-ali-khamenei-e-o-novo-lider-supremo-do-ira\/"},"modified":"2026-03-08T22:51:49","modified_gmt":"2026-03-09T01:51:49","slug":"filho-de-ali-khamenei-e-o-novo-lider-supremo-do-ira","status":"publish","type":"post","link":"https:\/\/ipatingafc.com.br\/index.php\/2026\/03\/08\/filho-de-ali-khamenei-e-o-novo-lider-supremo-do-ira\/","title":{"rendered":"Filho de Ali Khamenei \u00e9 o novo L\u00edder Supremo do Ir\u00e3"},"content":{"rendered":"<p><\/p>\n<div>\n<p><strong>A assembleia dos Especialistas (ou dos Peritos) do Ir\u00e3 definiu que o novo l\u00edder supremo do pa\u00eds \u00e9 o aiatol\u00e1 Seyyed Mojtaba Khamenei, filho de Ali Khamenei, morto em um ataque dos Estados Unidos, no final de fevereiro<\/strong>.<\/p>\n<p>A informa\u00e7\u00e3o de que o novo l\u00edder havia sido escolhido havia sido adiantada por um dos representantes da assembleia, Mohsen Heidari Alekasir, no in\u00edcio deste domingo (8). \u201cA op\u00e7\u00e3o mais adequada, aprovada pela maioria da Assembleia de Especialistas, foi escolhida\u201d. O nome, no entanto, n\u00e3o havia sido revelado.<\/p>\n<p>Seyyed Mojtaba Khamenei \u00e9 o segundo filho de Ali Khamenei e tem 56 anos. A escolha indica uma decis\u00e3o da Assembleia de manter a linha j\u00e1 adotada pelo antecessor.<\/p>\n<p><strong>Alberto Cowboy reage ap\u00f3s Gabi anunciar afastamento do grupo no BBB26<\/strong><\/p>\n<p><strong>\u201cParem de nos matar\u201d: exigem mulheres no 8 de mar\u00e7o em Bras\u00edlia<\/strong><\/p>\n<p>Mojtaba acumulou poder sob o comando de seu pai como uma figura s\u00eanior pr\u00f3xima \u00e0s for\u00e7as de seguran\u00e7a e ao vasto imp\u00e9rio de neg\u00f3cios que elas controlam. Ele se op\u00f4s aos reformadores que buscam se envolver com o Ocidente, que tenta restringir o programa nuclear do Ir\u00e3.<\/p>\n<h2>L\u00edder supremo<\/h2>\n<p>No cargo de l\u00edder supremo h\u00e1 36 anos, Ali Khamenei estava no topo da estrutura de Poder da Rep\u00fablica Isl\u00e2mica do Ir\u00e3 que, al\u00e9m do Executivo, do Parlamento e do Judici\u00e1rio, conta com o Conselho dos Guardi\u00f5es, formado por seis indicados do pr\u00f3prio Aiatol\u00e1 Khamenei e seis indicados pelo Parlamento.<\/p>\n<p>Outro \u00f3rg\u00e3o pol\u00edtico t\u00edpico da Rep\u00fablica Isl\u00e2mica \u00e9 a Assembleia dos Especialistas, ou dos Peritos, formada por 88 religiosos eleitos pelo voto popular. Essa assembleia \u00e9 respons\u00e1vel por eleger o aiatol\u00e1 que ser\u00e1 o l\u00edder supremo do Ir\u00e3. Apesar de o cargo ser vital\u00edcio, a Assembleia dos Especialistas pode destitu\u00ed-lo.<\/p>\n<h2>Israel promete assassinar escolhido<\/h2>\n<p>Na \u00faltima quarta-feira (4), o ministro da Defesa de Israel, Israel Katz, disse que o pr\u00f3ximo l\u00edder Supremo do Ir\u00e3 ser\u00e1 assassinado.<\/p>\n<p><strong>Protestos contra a viol\u00eancia de g\u00eanero tomam o Brasil neste 8 de mar\u00e7o<\/strong><\/p>\n<p><strong>Terminam as buscas por Arthur Oliveira Fochi, de 6 anos<\/strong><\/p>\n<p>\u201cSer\u00e1 um alvo inequ\u00edvoco para elimina\u00e7\u00e3o. N\u00e3o importa qual seja o nome dele ou onde ele se esconda\u201d, disse em uma rede social.<\/p>\n<p>Estima-se que a guerra de Israel e dos EUA contra o Ir\u00e3 j\u00e1 tenha custado a vida de, pelo menos, 1.332 civis, segundo autoridade iraniana. Entre as v\u00edtimas dos ataques, esteve uma escola de meninas, onde 168 crian\u00e7as foram mortas, expondo os horrores que o conflito pode produzir.<\/p>\n<p>* com informa\u00e7\u00f5es da ag\u00eancia Reuters<\/p>\n<\/div>\n","protected":false},"excerpt":{"rendered":"<p>A assembleia dos Especialistas (ou dos Peritos) do Ir\u00e3 definiu que o novo l\u00edder supremo&#8230;<\/p>\n","protected":false},"author":2,"featured_media":0,"comment_status":"","ping_status":"","sticky":false,"template":"","format":"standard","meta":{"footnotes":""},"categories":[2],"tags":[],"class_list":["post-39359","post","type-post","status-publish","format-standard","hentry","category-jogos-ao-vivo"],"amp_enabled":true,"_links":{"self":[{"href":"https:\/\/ipatingafc.com.br\/index.php\/wp-json\/wp\/v2\/posts\/39359","targetHints":{"allow":["GET"]}}],"collection":[{"href":"https:\/\/ipatingafc.com.br\/index.php\/wp-json\/wp\/v2\/posts"}],"about":[{"href":"https:\/\/ipatingafc.com.br\/index.php\/wp-json\/wp\/v2\/types\/post"}],"author":[{"embeddable":true,"href":"https:\/\/ipatingafc.com.br\/index.php\/wp-json\/wp\/v2\/users\/2"}],"replies":[{"embeddable":true,"href":"https:\/\/ipatingafc.com.br\/index.php\/wp-json\/wp\/v2\/comments?post=39359"}],"version-history":[{"count":0,"href":"https:\/\/ipatingafc.com.br\/index.php\/wp-json\/wp\/v2\/posts\/39359\/revisions"}],"wp:attachment":[{"href":"https:\/\/ipatingafc.com.br\/index.php\/wp-json\/wp\/v2\/media?parent=39359"}],"wp:term":[{"taxonomy":"category","embeddable":true,"href":"https:\/\/ipatingafc.com.br\/index.php\/wp-json\/wp\/v2\/categories?post=39359"},{"taxonomy":"post_tag","embeddable":true,"href":"https:\/\/ipatingafc.com.br\/index.php\/wp-json\/wp\/v2\/tags?post=39359"}],"curies":[{"name":"wp","href":"https:\/\/api.w.org\/{rel}","templated":true}]}}