{"id":39371,"date":"2026-03-09T05:31:45","date_gmt":"2026-03-09T08:31:45","guid":{"rendered":"https:\/\/ipatingafc.com.br\/index.php\/2026\/03\/09\/agencia-minas-gerais-escola-estadual-de-espera-feliz-e-unica-da-rede-mineira-contemplada-em-chamada-nacional-do-cnpq\/"},"modified":"2026-03-09T05:31:45","modified_gmt":"2026-03-09T08:31:45","slug":"agencia-minas-gerais-escola-estadual-de-espera-feliz-e-unica-da-rede-mineira-contemplada-em-chamada-nacional-do-cnpq","status":"publish","type":"post","link":"https:\/\/ipatingafc.com.br\/index.php\/2026\/03\/09\/agencia-minas-gerais-escola-estadual-de-espera-feliz-e-unica-da-rede-mineira-contemplada-em-chamada-nacional-do-cnpq\/","title":{"rendered":"Ag\u00eancia Minas Gerais | Escola estadual de Espera Feliz \u00e9 \u00fanica da rede mineira contemplada em chamada nacional do CNPq"},"content":{"rendered":"<p><\/p>\n<div>\n<p dir=\"ltr\">A Escola Estadual Altivo Leopoldino de Souza, em Espera Feliz, conquistou reconhecimento nacional ao ter o projeto Feira de Empreendedorismo Escolar \u2013 EmpreMat: \u201cA matem\u00e1tica no desenvolvimento de jovens empreendedores\u201d aprovado na Chamada CNPq\/FNDCT\/MCTI\/MEC\/CAPES n\u00ba 37\/2024 \u2013 Feiras de Ci\u00eancias e Mostras Cient\u00edficas. A unidade \u00e9 a \u00fanica escola de Educa\u00e7\u00e3o B\u00e1sica da rede estadual de Minas Gerais contemplada nesta sele\u00e7\u00e3o.<\/p>\n<p dir=\"ltr\">A iniciativa fortalece a cultura cient\u00edfica na Educa\u00e7\u00e3o B\u00e1sica, promovendo o protagonismo estudantil, a aplica\u00e7\u00e3o pr\u00e1tica da Matem\u00e1tica e a inicia\u00e7\u00e3o cient\u00edfica, com possibilidade de bolsas de Inicia\u00e7\u00e3o Cient\u00edfica J\u00fanior (ICJ) para os estudantes. O projeto contar\u00e1 com R$ 37.800,00 em recursos de custeio do Conselho Nacional de Desenvolvimento Cient\u00edfico e Tecnol\u00f3gico (CNPq).<\/p>\n<p dir=\"ltr\">Para a diretora da escola, Adriana Muller Dimas e Souza, o EmpreMat representa uma mudan\u00e7a significativa na forma de ensinar e aprender Matem\u00e1tica. \u201cO projeto fortalece o protagonismo estudantil ao colocar os alunos no centro do processo de aprendizagem. Ao planejarem, organizarem e executarem seus pr\u00f3prios empreendimentos, eles assumem responsabilidades reais, tomam decis\u00f5es, desenvolvem autonomia, lideran\u00e7a, criatividade e trabalho em equipe. Eles deixam de ser apenas receptores de conte\u00fado e passam a ser sujeitos ativos na constru\u00e7\u00e3o do conhecimento\u201d, afirma.<\/p>\n<p dir=\"ltr\"><strong>EmpreMat<\/strong><\/p>\n<p dir=\"ltr\">A proposta nasceu a partir da realiza\u00e7\u00e3o de uma feira de empreendedorismo escolar promovida pela institui\u00e7\u00e3o em 2024. Na ocasi\u00e3o, os estudantes participaram de oficinas e desenvolveram produtos para comercializa\u00e7\u00e3o, utilizando conceitos matem\u00e1ticos no planejamento, precifica\u00e7\u00e3o e organiza\u00e7\u00e3o financeira.<\/p>\n<p dir=\"ltr\">A partir da experi\u00eancia, a professora de Matem\u00e1tica e coordenadora do projeto, Sabrina Alves Cabral, decidiu submeter a iniciativa \u00e0 chamada p\u00fablica do CNPq. \u201cVer a proposta aprovada foi um sucesso enorme para a escola. A ideia \u00e9 mostrar que a matem\u00e1tica est\u00e1 presente na vida real e pode ser ferramenta para transformar sonhos em projetos concretos\u201d, destaca.<\/p>\n<p dir=\"ltr\"><strong>Impacto educacional\u00a0<\/strong><\/p>\n<p dir=\"ltr\">O EmpreMat envolve estudantes do Ensino Fundamental e do Ensino M\u00e9dio, ampliando o alcance pedag\u00f3gico da iniciativa. Todos os alunos da escola podem se inscrever para participar da feira, formando equipes compostas por tr\u00eas estudantes e dois colaboradores, respons\u00e1veis por desenvolver e apresentar os produtos na feira.<\/p>\n<p dir=\"ltr\">\u201cNosso objetivo \u00e9 envolver toda a comunidade. A feira n\u00e3o \u00e9 apenas um evento escolar, \u00e9 um momento de integra\u00e7\u00e3o com as fam\u00edlias e com o munic\u00edpio. Temos tamb\u00e9m o bazar de trocas, que refor\u00e7a a import\u00e2ncia da reutiliza\u00e7\u00e3o e da consci\u00eancia ambiental. Queremos formar estudantes empreendedores, mas tamb\u00e9m cidad\u00e3os respons\u00e1veis socialmente\u201d, explica Sabrina.<\/p>\n<p dir=\"ltr\">Sarah Eug\u00eanio Dias Silva, do 2\u00ba ano do Ensino M\u00e9dio, \u00e9 uma das estudantes que se inscreveu para participar da feira que ir\u00e1 ocorrer neste ano. \u201cAs minhas expectativas est\u00e3o altas! Tive a chance de participar da edi\u00e7\u00e3o de 2024, ent\u00e3o meu grupo est\u00e1 se sentindo bastante preparado. Para essa edi\u00e7\u00e3o de 2026, estamos planejando fazer algo no ramo de doces, assim como fizemos na feira anterior, e estamos planejando trazer muitas variedades para a edi\u00e7\u00e3o deste ano\u201d, compartilha.<\/p>\n<p dir=\"ltr\">A estudante tamb\u00e9m reflete bastante a respeito da Feira de Empreendedorismo Escolar \u2013 EmpreMat. \u201cEsse \u00e9 um \u00f3timo projeto e que traz in\u00fameros benef\u00edcios para os estudantes. N\u00f3s aprendemos sobre empreendedorismo, marketing e conseguimos aplicar os conte\u00fados das aulas de matem\u00e1tica em um contexto pr\u00e1tico. Atrav\u00e9s dessa iniciativa, adquirimos ensinamentos e conhecimentos que vamos levar para a vida que, com certeza, v\u00e3o nos ajudar bastante no mercado de trabalho\u201d.\u00a0<\/p>\n<\/p><\/div>\n","protected":false},"excerpt":{"rendered":"<p>A Escola Estadual Altivo Leopoldino de Souza, em Espera Feliz, conquistou reconhecimento nacional ao ter&#8230;<\/p>\n","protected":false},"author":2,"featured_media":0,"comment_status":"","ping_status":"","sticky":false,"template":"","format":"standard","meta":{"footnotes":""},"categories":[2],"tags":[],"class_list":["post-39371","post","type-post","status-publish","format-standard","hentry","category-jogos-ao-vivo"],"amp_enabled":true,"_links":{"self":[{"href":"https:\/\/ipatingafc.com.br\/index.php\/wp-json\/wp\/v2\/posts\/39371","targetHints":{"allow":["GET"]}}],"collection":[{"href":"https:\/\/ipatingafc.com.br\/index.php\/wp-json\/wp\/v2\/posts"}],"about":[{"href":"https:\/\/ipatingafc.com.br\/index.php\/wp-json\/wp\/v2\/types\/post"}],"author":[{"embeddable":true,"href":"https:\/\/ipatingafc.com.br\/index.php\/wp-json\/wp\/v2\/users\/2"}],"replies":[{"embeddable":true,"href":"https:\/\/ipatingafc.com.br\/index.php\/wp-json\/wp\/v2\/comments?post=39371"}],"version-history":[{"count":0,"href":"https:\/\/ipatingafc.com.br\/index.php\/wp-json\/wp\/v2\/posts\/39371\/revisions"}],"wp:attachment":[{"href":"https:\/\/ipatingafc.com.br\/index.php\/wp-json\/wp\/v2\/media?parent=39371"}],"wp:term":[{"taxonomy":"category","embeddable":true,"href":"https:\/\/ipatingafc.com.br\/index.php\/wp-json\/wp\/v2\/categories?post=39371"},{"taxonomy":"post_tag","embeddable":true,"href":"https:\/\/ipatingafc.com.br\/index.php\/wp-json\/wp\/v2\/tags?post=39371"}],"curies":[{"name":"wp","href":"https:\/\/api.w.org\/{rel}","templated":true}]}}