{"id":39397,"date":"2026-03-09T18:43:43","date_gmt":"2026-03-09T21:43:43","guid":{"rendered":"https:\/\/ipatingafc.com.br\/index.php\/2026\/03\/09\/sao-paulo-anuncia-demissao-do-tecnico-hernan-crespo\/"},"modified":"2026-03-09T18:43:43","modified_gmt":"2026-03-09T21:43:43","slug":"sao-paulo-anuncia-demissao-do-tecnico-hernan-crespo","status":"publish","type":"post","link":"https:\/\/ipatingafc.com.br\/index.php\/2026\/03\/09\/sao-paulo-anuncia-demissao-do-tecnico-hernan-crespo\/","title":{"rendered":"S\u00e3o Paulo anuncia demiss\u00e3o do t\u00e9cnico Hern\u00e1n Crespo"},"content":{"rendered":"<p><\/p>\n<div wp_automatic_readability=\"25.802112676056\">\n<p>O t\u00e9cnico argentino Hern\u00e1n Crespo n\u00e3o comanda mais a equipe de futebol masculino do S\u00e3o Paulo. A decis\u00e3o foi anunciada nesta segunda-feira (9) pela equipe do Morumbi. Com o treinador deixam a equipe os auxiliares Juan Branda e Victor L\u00f3pez, os preparadores f\u00edsicos Federico Martinetti e Leandro Paz e o preparador de goleiros Gustavo Nepote.<\/p>\n<blockquote class=\"twitter-tweet\" wp_automatic_readability=\"12.32245681382\">\n<p dir=\"ltr\" lang=\"pt\" xml:lang=\"pt\">S\u00e3o Paulo comunica sa\u00edda de Hern\u00e1n Crespo<\/p>\n<p>O S\u00e3o Paulo Futebol Clube definiu nesta segunda-feira (09) a sa\u00edda do t\u00e9cnico Hern\u00e1n Crespo. Tamb\u00e9m deixam o clube os auxiliares Juan Branda e Victor L\u00f3pez, os preparadores f\u00edsicos Federico Martinetti e Leandro Paz e o preparador de\u2026 <a href=\"https:\/\/t.co\/LJtF2bFN5M\">pic.twitter.com\/LJtF2bFN5M<\/a><\/p>\n<p><strong>Nove equipes garantem t\u00edtulos estaduais pelo Brasil<\/strong><\/p>\n<p><strong>Esfera, Livelo e Ita\u00fa, Promo\u00e7\u00f5es de milhas e clubes de pontos movimentam o mercado na Semana do Consumidor<\/strong><\/p>\n<p>\u2014 S\u00e3o Paulo FC (@SaoPauloFC) <a href=\"https:\/\/twitter.com\/SaoPauloFC\/status\/2031057488548606157?ref_src=twsrc%5Etfw\">March 9, 2026<\/a><\/p>\n<\/blockquote>\n<p>\u201cO S\u00e3o Paulo deseja sucesso para Hern\u00e1n Crespo e sua comiss\u00e3o t\u00e9cnica na sequ\u00eancia de suas carreiras\u201d, diz a nota divulgada pela equipe.<\/p>\n<div class=\"code-block code-block-13\" style=\"margin: 8px auto; text-align: center; display: block; clear: both;\">\n<amp-ad width=\"100vw\" height=\"320\" type=\"adsense\" data-ad-client=\"ca-pub-9463444472301664\" data-ad-slot=\"2740239170\" data-auto-format=\"rspv\" data-full-width=\"\"><\/p>\n<p><\/amp-ad>\n<\/div>\n<div class=\"code-block code-block-7\" style=\"margin: 8px 0; clear: both;\">\n SIGA-NOS NO WHATSAPP COM MAIS NOTICIAS <\/p>\n<p><!-- Composite Start\n\n\n<div id=\"M377024ScriptRootC1105590\">\n<\/div>\n\n\n\n<!-- Composite End --> &#8211;&gt;<\/p>\n<\/div>\n<p>Esta era a segunda passagem de Crespo pelo S\u00e3o Paulo. Ela teve in\u00edcio em julho de 2025. No per\u00edodo o argentino\u00a0comandou a equipe em 46 jogos, com 21 vit\u00f3rias, sete empates e 18 derrotas.<\/p>\n<div class=\"code-block code-block-10\" style=\"margin: 8px auto; text-align: center; display: block; clear: both;\">\n<amp-embed width=\"600\" height=\"600\" layout=\"responsive\" type=\"mgid\" data-publisher=\"mrnews.com.br\" data-widget=\"1105590\" data-container=\"M377024ScriptRootC1105590\" data-block-on-consent=\"_till_responded\"> <\/amp-embed><br \/>\n<amp-ad width=\"100vw\" height=\"320\" type=\"adsense\" data-ad-client=\"ca-pub-9463444472301664\" data-ad-slot=\"2740239170\" data-auto-format=\"rspv\" data-full-width=\"\"><\/p>\n<p><\/amp-ad><br \/>\n<amp-embed width=\"600\" height=\"600\" layout=\"responsive\" type=\"mgid\" data-website=\"377024\" data-widget=\"1105577\" data-block-on-consent=\"_till_responded\"><\/amp-embed><amp-embed width=\"600\" height=\"600\" layout=\"responsive\" type=\"mgid\" data-website=\"377024\" data-widget=\"1105590\" data-block-on-consent=\"_till_responded\"><\/amp-embed><\/p>\n<\/div>\n<div class=\"code-block code-block-6\" style=\"margin: 8px 0; clear: both;\">\n<!-- Composite Start --><\/p>\n<p><!-- Composite End -->\n<\/div>\n<p>&gt;&gt; Siga o canal da <strong>Ag\u00eancia Brasil <\/strong>no WhatsApp<\/p>\n<p><strong>Kalani Konig \u00e9 vice-campe\u00e3o mundial de Skate Park<\/strong><\/p>\n<div class=\"code-block code-block-14\" style=\"margin: 8px auto; text-align: center; display: block; clear: both;\">\n<amp-ad layout=\"fixed\" width=\"336\" height=\"280\" type=\"adsense\" data-ad-client=\"ca-pub-9463444472301664\" data-ad-slot=\"3283796203\"><br \/>\n<\/amp-ad>\n<\/div>\n<p><strong>Flamengo vence Fluminense nos p\u00eanatis e fatura tricampeonato carioca<\/strong><\/p>\n<\/div>\n<p><script async src=\"\/\/platform.twitter.com\/widgets.js\" charset=\"utf-8\"><\/script><\/p>\n","protected":false},"excerpt":{"rendered":"<p>O t\u00e9cnico argentino Hern\u00e1n Crespo n\u00e3o comanda mais a equipe de futebol masculino do S\u00e3o&#8230;<\/p>\n","protected":false},"author":2,"featured_media":0,"comment_status":"","ping_status":"","sticky":false,"template":"","format":"standard","meta":{"footnotes":""},"categories":[2],"tags":[],"class_list":["post-39397","post","type-post","status-publish","format-standard","hentry","category-jogos-ao-vivo"],"amp_enabled":true,"_links":{"self":[{"href":"https:\/\/ipatingafc.com.br\/index.php\/wp-json\/wp\/v2\/posts\/39397","targetHints":{"allow":["GET"]}}],"collection":[{"href":"https:\/\/ipatingafc.com.br\/index.php\/wp-json\/wp\/v2\/posts"}],"about":[{"href":"https:\/\/ipatingafc.com.br\/index.php\/wp-json\/wp\/v2\/types\/post"}],"author":[{"embeddable":true,"href":"https:\/\/ipatingafc.com.br\/index.php\/wp-json\/wp\/v2\/users\/2"}],"replies":[{"embeddable":true,"href":"https:\/\/ipatingafc.com.br\/index.php\/wp-json\/wp\/v2\/comments?post=39397"}],"version-history":[{"count":0,"href":"https:\/\/ipatingafc.com.br\/index.php\/wp-json\/wp\/v2\/posts\/39397\/revisions"}],"wp:attachment":[{"href":"https:\/\/ipatingafc.com.br\/index.php\/wp-json\/wp\/v2\/media?parent=39397"}],"wp:term":[{"taxonomy":"category","embeddable":true,"href":"https:\/\/ipatingafc.com.br\/index.php\/wp-json\/wp\/v2\/categories?post=39397"},{"taxonomy":"post_tag","embeddable":true,"href":"https:\/\/ipatingafc.com.br\/index.php\/wp-json\/wp\/v2\/tags?post=39397"}],"curies":[{"name":"wp","href":"https:\/\/api.w.org\/{rel}","templated":true}]}}