{"id":39494,"date":"2026-03-11T08:37:44","date_gmt":"2026-03-11T11:37:44","guid":{"rendered":"https:\/\/ipatingafc.com.br\/index.php\/2026\/03\/11\/brasilia-tera-titulo-de-capital-ibero-americana-de-patrimonio-cultural\/"},"modified":"2026-03-11T08:37:44","modified_gmt":"2026-03-11T11:37:44","slug":"brasilia-tera-titulo-de-capital-ibero-americana-de-patrimonio-cultural","status":"publish","type":"post","link":"https:\/\/ipatingafc.com.br\/index.php\/2026\/03\/11\/brasilia-tera-titulo-de-capital-ibero-americana-de-patrimonio-cultural\/","title":{"rendered":"Bras\u00edlia ter\u00e1 t\u00edtulo de Capital Ibero-Americana de Patrim\u00f4nio Cultural"},"content":{"rendered":"<p><\/p>\n<div wp_automatic_readability=\"98.040148609779\">\n<p>Tratar de estrat\u00e9gias conjuntas para prote\u00e7\u00e3o dos patrim\u00f4nios material e imaterial, e para inova\u00e7\u00e3o em pol\u00edticas p\u00fablicas est\u00e1 entre os objetivos centrais de um evento internacional em Bras\u00edlia, desta quarta (11) at\u00e9 sexta-feira (13). Na ocasi\u00e3o, a cidade\u00a0ser\u00e1 homenageada com o t\u00edtulo de Capital Ibero-Americana de Patrim\u00f4nio Cultural.<\/p>\n<p><strong>O evento \u00e9 a reuni\u00e3o do Comit\u00ea Setorial de Patrim\u00f4nio Cultural da Uni\u00e3o de Cidades Capitais Ibero-Americanas (UCCI) e ser\u00e1 realizado no Sal\u00e3o Nobre do Pal\u00e1cio do Buriti, sede do governo do Distrito Federal, a partir das 14h Nesses dias, est\u00e3o previstos tamb\u00e9m o interc\u00e2mbio de boas pr\u00e1ticas de gest\u00e3o dessas cidades e o fortalecimento da identidade hist\u00f3rica urbana.<\/strong><\/p>\n<p>Na avalia\u00e7\u00e3o do secret\u00e1rio de Rela\u00e7\u00f5es Internacionais do DF, Paco Britto, o novo t\u00edtulo amplia a proje\u00e7\u00e3o internacional de\u00a0Bras\u00edlia como capital do di\u00e1logo, da diplomacia e da preserva\u00e7\u00e3o do patrim\u00f4nio.<strong> A cidade \u00e9 Patrim\u00f4nio Cultural da Humanidade desde 1987 quando recebeu esse t\u00edtulo da Organiza\u00e7\u00e3o das Na\u00e7\u00f5es Unidas para a Educa\u00e7\u00e3o, a Ci\u00eancia e a Cultura (Unesco).\u00a0<\/strong><\/p>\n<p><strong>Alunos do Pedro II pedem aulas para enfrentar a viol\u00eancia de g\u00eanero<\/strong><\/p>\n<p><strong>Ministro suspende julgamento que pode cassar governador do Rio<\/strong><\/p>\n<h2>Compromisso<\/h2>\n<p>\u00a0O encontro vai abordar eixos tem\u00e1ticos para seguir com as discuss\u00f5es iniciadas em Lima (Peru), em 2025. O grupo de discuss\u00e3o pretende apresentar, at\u00e9 o final do evento, uma Carta de Compromisso comum com a preserva\u00e7\u00e3o, valoriza\u00e7\u00e3o e gest\u00e3o sustent\u00e1vel do patrim\u00f4nio cultural.\u00a0<\/p>\n<p><strong>Fazem parte da Ucci 29 cidades de 24 pa\u00edses ibero-americanos. A ideia da rede \u00e9 permitir que as cidades compartilhem experi\u00eancias e trabalhem em conjunto para enfrentar desafios comuns. Do Brasil, al\u00e9m de Bras\u00edlia, o grupo \u00e9 representado por S\u00e3o Paulo (SP) e o Rio de Janeiro (RJ).\u00a0<\/strong><\/p>\n<p>Somadas, essas regi\u00f5es t\u00eam 76 milh\u00f5es de habitantes que falam espanhol e portugu\u00eas.\u00a0A\u00a0UCCI atua como plataforma para a coopera\u00e7\u00e3o urbana, o interc\u00e2mbio de conhecimentos e a dissemina\u00e7\u00e3o de boas pr\u00e1ticas entre seus membros.<\/p>\n<h2>Cidade \u00fanica<\/h2>\n<p><strong>Segundo a pesquisadora em arquitetura Angelina Nardelli Quaglia, que estuda temas ligados \u00e0 capital e periferia na Universidade de Bras\u00edlia (UnB), a capital brasileira\u00a0proporciona culturalmente valores \u00fanicos<\/strong>.<\/p>\n<p><strong>Botafogo cai para o Barcelona e fica fora da Libertadores<\/strong><\/p>\n<p><strong>Ataques a Maria da Penha tentam enfraquecer conquistas, diz Instituto<\/strong><\/p>\n<blockquote wp_automatic_readability=\"7\">\n<p>\u201cBras\u00edlia \u00e9 uma capital reconhecida internacionalmente pela arquitetura e pelos processos culturais que aqui acontecem\u201d,\u00a0 afirma.\u00a0<\/p>\n<\/blockquote>\n<p>A pesquisadora entende que Bras\u00edlia tem caracter\u00edsticas \u00fanicas e a diversidade cultural como marca fundamental, incluindo as misturas de influ\u00eancias que chegam do pa\u00eds inteiro. A diversidade perpassa gera\u00e7\u00f5es, na avalia\u00e7\u00e3o dela.\u00a0 \u201cH\u00e1 uma paisagem cultural muito rica, que \u00e9 a grande beleza de Bras\u00edlia\u201d.<\/p>\n<p><strong>A cidade tamb\u00e9m simboliza a democracia brasileira em diferentes momentos, como na luta pela liberdade, a Constitui\u00e7\u00e3o de 1988 e a resist\u00eancia ap\u00f3s os ataques antidemocr\u00e1ticos de 8 de janeiro de 2023. \u201cEu entendo que \u00e9 uma cidade\u00a0\u00e0 frente do tempo\u201d.\u00a0<\/strong><\/p>\n<h2>Desafios<\/h2>\n<p>No entanto, Angelina Nardelli observa que a cidade, quatro anos depois de\u00a0inaugurada, particularmente durante a ditadura militar (1964 \u2013 1985),\u00a0 n\u00e3o teve\u00a0legisla\u00e7\u00e3o para manuten\u00e7\u00e3o do patrim\u00f4nio.<\/p>\n<blockquote wp_automatic_readability=\"6\">\n<p>\u201cTivemos um hiato muito grande de uma legisla\u00e7\u00e3o que tamb\u00e9m come\u00e7a a se transformar mundialmente (mas n\u00e3o no Brasil)\u201d.<\/p>\n<\/blockquote>\n<p>O cen\u00e1rio come\u00e7aria a se alterar com o t\u00edtulo expedido pela Unesco em 1987. \u201cA mem\u00f3ria foi reconhecida como patrim\u00f4nio\u201d. A pesquisadora compreende que a manuten\u00e7\u00e3o do patrim\u00f4nio em Bras\u00edlia n\u00e3o \u00e9 simples.\u00a0<\/p>\n<p>A capital aprovou, por exemplo, h\u00e1 dois anos, o Plano de Preserva\u00e7\u00e3o do Conjunto Urban\u00edstico de Bras\u00edlia (PPCUB). Mas a pesquisadora entende que s\u00e3o necess\u00e1rios\u00a0mais recursos e pol\u00edticas p\u00fablicas de prote\u00e7\u00e3o para que tanto o tombamento quanto\u00a0a manuten\u00e7\u00e3o estejam em ordem. \u201cEm Bras\u00edlia, isso devia ser um exemplo, mas ainda n\u00e3o \u00e9. A capital \u00e9 uma cidade muito nova\u201d, diz.<\/p>\n<\/div>\n","protected":false},"excerpt":{"rendered":"<p>Tratar de estrat\u00e9gias conjuntas para prote\u00e7\u00e3o dos patrim\u00f4nios material e imaterial, e para inova\u00e7\u00e3o em&#8230;<\/p>\n","protected":false},"author":2,"featured_media":0,"comment_status":"","ping_status":"","sticky":false,"template":"","format":"standard","meta":{"footnotes":""},"categories":[2],"tags":[],"class_list":["post-39494","post","type-post","status-publish","format-standard","hentry","category-jogos-ao-vivo"],"amp_enabled":true,"_links":{"self":[{"href":"https:\/\/ipatingafc.com.br\/index.php\/wp-json\/wp\/v2\/posts\/39494","targetHints":{"allow":["GET"]}}],"collection":[{"href":"https:\/\/ipatingafc.com.br\/index.php\/wp-json\/wp\/v2\/posts"}],"about":[{"href":"https:\/\/ipatingafc.com.br\/index.php\/wp-json\/wp\/v2\/types\/post"}],"author":[{"embeddable":true,"href":"https:\/\/ipatingafc.com.br\/index.php\/wp-json\/wp\/v2\/users\/2"}],"replies":[{"embeddable":true,"href":"https:\/\/ipatingafc.com.br\/index.php\/wp-json\/wp\/v2\/comments?post=39494"}],"version-history":[{"count":0,"href":"https:\/\/ipatingafc.com.br\/index.php\/wp-json\/wp\/v2\/posts\/39494\/revisions"}],"wp:attachment":[{"href":"https:\/\/ipatingafc.com.br\/index.php\/wp-json\/wp\/v2\/media?parent=39494"}],"wp:term":[{"taxonomy":"category","embeddable":true,"href":"https:\/\/ipatingafc.com.br\/index.php\/wp-json\/wp\/v2\/categories?post=39494"},{"taxonomy":"post_tag","embeddable":true,"href":"https:\/\/ipatingafc.com.br\/index.php\/wp-json\/wp\/v2\/tags?post=39494"}],"curies":[{"name":"wp","href":"https:\/\/api.w.org\/{rel}","templated":true}]}}