{"id":39540,"date":"2026-03-12T02:23:44","date_gmt":"2026-03-12T05:23:44","guid":{"rendered":"https:\/\/ipatingafc.com.br\/index.php\/2026\/03\/12\/policia-federal-prende-foragido-suspeito-de-desvios-no-inss\/"},"modified":"2026-03-12T02:23:44","modified_gmt":"2026-03-12T05:23:44","slug":"policia-federal-prende-foragido-suspeito-de-desvios-no-inss","status":"publish","type":"post","link":"https:\/\/ipatingafc.com.br\/index.php\/2026\/03\/12\/policia-federal-prende-foragido-suspeito-de-desvios-no-inss\/","title":{"rendered":"Pol\u00edcia Federal prende foragido suspeito de desvios no INSS"},"content":{"rendered":"<p><\/p>\n<div wp_automatic_readability=\"40.448909299656\">\n<p><strong>A Pol\u00edcia Federal (PF) prendeu, nesta quarta-feira\u00a0(11),\u00a0um dos \u00faltimos foragidos da Opera\u00e7\u00e3o Sem Desconto, deflagrada em abril de 2025 para\u00a0investigar\u00a0desvio de recursos do Instituto Nacional do Seguro Social (INSS).<\/strong><\/p>\n<p>O <strong>homem<\/strong>, de identidade n\u00e3o informada\u00a0pela corpora\u00e7\u00e3o, <strong>fazia parte do n\u00facleo financeiro da organiza\u00e7\u00e3o criminosa<\/strong>. Ele era respons\u00e1vel pela\u00a0movimenta\u00e7\u00e3o e gest\u00e3o dos recursos desviados, agindo como uma esp\u00e9cie de contador da quadrilha liderada por Antonio Carlos Antunes, conhecido como Careca do INSS,\u00a0que foi preso em setembro do ano passado.\u00a0<\/p>\n<p>\u201cPoliciais federais realizaram a pris\u00e3o ap\u00f3s minucioso trabalho de investiga\u00e7\u00e3o e de levantamentos que permitiram localizar o investigado\u201d, destaca a PF, em nota.\u00a0<\/p>\n<p><strong>Tr\u00eas cidades recebem projeto-piloto de atendimento de idosos em casa<\/strong><\/p>\n<p><strong>Hospital em Campinas restringe atendimento para conter superbact\u00e9ria<\/strong><\/p>\n<p>Segundo a corpora\u00e7\u00e3o, o homem\u00a0foi encaminhado a uma\u00a0unidade da Pol\u00edcia Federal e ficar\u00e1 \u00e0\u00a0disposi\u00e7\u00e3o da Justi\u00e7a.<\/p>\n<h2>Entenda o caso<\/h2>\n<p>A PF e a Controladoria-Geral da Uni\u00e3o (CGU) deflagraram a Opera\u00e7\u00e3o Sem Desconto em abril do ano passado para combater um esquema de descontos associativos n\u00e3o autorizados em aposentadorias e pens\u00f5es. O c\u00e1lculo \u00e9 que entidades investigadas tenham descontado de aposentados e pensionistas cerca de R$ 6,3 bilh\u00f5es entre 2019 e 2024.\u00a0<\/p>\n<p>As fraudes e os criminosos envolvidos tamb\u00e9m est\u00e3o sob investiga\u00e7\u00e3o da Comiss\u00e3o Parlamentar Mista de Inqu\u00e9rito (CPMI) do Instituto Nacional do Seguro Social (INSS), no Congresso Nacional.<\/p>\n<p><strong>Toffoli se declara suspeito para julgar pris\u00e3o de Vorcaro<\/strong><\/p>\n<p><strong>CPMI pede ao STF revis\u00e3o de decis\u00e3o que barrou depoimento de Vorcaro<\/strong><\/p>\n<\/div>\n","protected":false},"excerpt":{"rendered":"<p>A Pol\u00edcia Federal (PF) prendeu, nesta quarta-feira\u00a0(11),\u00a0um dos \u00faltimos foragidos da Opera\u00e7\u00e3o Sem Desconto, deflagrada&#8230;<\/p>\n","protected":false},"author":2,"featured_media":0,"comment_status":"","ping_status":"","sticky":false,"template":"","format":"standard","meta":{"footnotes":""},"categories":[2],"tags":[],"class_list":["post-39540","post","type-post","status-publish","format-standard","hentry","category-jogos-ao-vivo"],"amp_enabled":true,"_links":{"self":[{"href":"https:\/\/ipatingafc.com.br\/index.php\/wp-json\/wp\/v2\/posts\/39540","targetHints":{"allow":["GET"]}}],"collection":[{"href":"https:\/\/ipatingafc.com.br\/index.php\/wp-json\/wp\/v2\/posts"}],"about":[{"href":"https:\/\/ipatingafc.com.br\/index.php\/wp-json\/wp\/v2\/types\/post"}],"author":[{"embeddable":true,"href":"https:\/\/ipatingafc.com.br\/index.php\/wp-json\/wp\/v2\/users\/2"}],"replies":[{"embeddable":true,"href":"https:\/\/ipatingafc.com.br\/index.php\/wp-json\/wp\/v2\/comments?post=39540"}],"version-history":[{"count":0,"href":"https:\/\/ipatingafc.com.br\/index.php\/wp-json\/wp\/v2\/posts\/39540\/revisions"}],"wp:attachment":[{"href":"https:\/\/ipatingafc.com.br\/index.php\/wp-json\/wp\/v2\/media?parent=39540"}],"wp:term":[{"taxonomy":"category","embeddable":true,"href":"https:\/\/ipatingafc.com.br\/index.php\/wp-json\/wp\/v2\/categories?post=39540"},{"taxonomy":"post_tag","embeddable":true,"href":"https:\/\/ipatingafc.com.br\/index.php\/wp-json\/wp\/v2\/tags?post=39540"}],"curies":[{"name":"wp","href":"https:\/\/api.w.org\/{rel}","templated":true}]}}