{"id":39546,"date":"2026-03-12T04:26:40","date_gmt":"2026-03-12T07:26:40","guid":{"rendered":"https:\/\/ipatingafc.com.br\/index.php\/2026\/03\/12\/filha-da-atriz-nair-bello-morre-aos-69-anos-apos-enfrentar-doenca-de-longa-data\/"},"modified":"2026-03-12T04:26:40","modified_gmt":"2026-03-12T07:26:40","slug":"filha-da-atriz-nair-bello-morre-aos-69-anos-apos-enfrentar-doenca-de-longa-data","status":"publish","type":"post","link":"https:\/\/ipatingafc.com.br\/index.php\/2026\/03\/12\/filha-da-atriz-nair-bello-morre-aos-69-anos-apos-enfrentar-doenca-de-longa-data\/","title":{"rendered":"Filha da atriz Nair Bello morre aos 69 anos ap\u00f3s enfrentar doen\u00e7a de longa data"},"content":{"rendered":"<p><\/p>\n<div wp_automatic_readability=\"168.21899775617\">\n<p>A produtora de moda <strong>Maria Francisco<\/strong> morreu na manh\u00e3 desta quarta-feira (11), em <strong>S\u00e3o Paulo<\/strong>, ap\u00f3s enfrentar uma doen\u00e7a de longa dura\u00e7\u00e3o. Ela tinha 69 anos e estava internada em uma cl\u00ednica da capital paulista para tratamento m\u00e9dico.<\/p>\n<p>Maria era filha da consagrada atriz e comediante <strong>Nair Bello<\/strong>, um dos nomes mais marcantes do humor e da televis\u00e3o brasileira, que faleceu em 2007. Ela tamb\u00e9m era filha do radialista <strong>Irineu de Souza Francisco<\/strong>, que morreu em 1999.<\/p>\n<p>Segundo informa\u00e7\u00f5es divulgadas pela fam\u00edlia, Maria Francisco deixa <strong>tr\u00eas filhos, dois irm\u00e3os e diversos netos<\/strong>, al\u00e9m de amigos e colegas que acompanharam sua trajet\u00f3ria profissional ao longo de d\u00e9cadas.<\/p>\n<h2>Carreira ligada ao universo da moda<\/h2>\n<p>Ao longo de sua vida, Maria Francisco construiu uma carreira voltada para o universo da moda. Apaixonada por vestu\u00e1rio e acess\u00f3rios, ela atuou como produtora e colaborou com nomes importantes do setor.<\/p>\n<p><strong>Tr\u00eas cidades recebem projeto-piloto de atendimento de idosos em casa<\/strong><\/p>\n<p><strong>Pol\u00edcia Federal prende foragido suspeito de desvios no INSS<\/strong><\/p>\n<p>Um dos momentos mais relevantes de sua trajet\u00f3ria foi o trabalho ao lado da consultora de moda <strong>Costanza Pascolato<\/strong>, na revista <strong>Cl\u00e1udia Moda<\/strong>. A parceria contribuiu para consolidar sua presen\u00e7a nos bastidores da moda brasileira, onde era reconhecida por seu olhar criativo e sua dedica\u00e7\u00e3o ao trabalho.<\/p>\n<p>Com anos de experi\u00eancia no setor, Maria se tornou conhecida por seu profissionalismo e tamb\u00e9m por manter boas rela\u00e7\u00f5es com estilistas e profissionais da ind\u00fastria.<\/p>\n<h2>Amizade de d\u00e9cadas com estilista brasileiro<\/h2>\n<p>A morte de Maria Francisco gerou como\u00e7\u00e3o entre amigos e colegas de profiss\u00e3o. O estilista <strong>Reinaldo Louren\u00e7o<\/strong> destacou publicamente a forte amizade que mantinha com ela.<\/p>\n<p>Segundo ele, a conviv\u00eancia entre os dois durou mais de <strong>quatro d\u00e9cadas<\/strong>, per\u00edodo em que constru\u00edram n\u00e3o apenas uma parceria profissional, mas tamb\u00e9m uma rela\u00e7\u00e3o familiar muito pr\u00f3xima.<\/p>\n<p><strong>Hospital em Campinas restringe atendimento para conter superbact\u00e9ria<\/strong><\/p>\n<p><strong>Toffoli se declara suspeito para julgar pris\u00e3o de Vorcaro<\/strong><\/p>\n<p>O estilista tamb\u00e9m revelou que \u00e9 padrinho de um dos filhos de Maria, demonstrando o la\u00e7o profundo que unia as duas fam\u00edlias. Em declara\u00e7\u00f5es emocionadas, ele afirmou que guarda lembran\u00e7as especiais de todos os anos de conviv\u00eancia.<\/p>\n<h2>Livro sobre a vida de Nair Bello<\/h2>\n<p>Al\u00e9m do trabalho na moda, Maria Francisco tamb\u00e9m deixou um registro importante sobre a trajet\u00f3ria da m\u00e3e. Em 2018, ela lan\u00e7ou o livro <strong>Mamma Mia! \u2013 A Vida de Nair Bello<\/strong>, obra em que reuniu mem\u00f3rias pessoais sobre a conviv\u00eancia com a atriz.<\/p>\n<p>No livro, Maria compartilhou hist\u00f3rias da vida familiar e tamb\u00e9m bastidores da carreira de <strong>Nair Bello<\/strong>, que ficou conhecida por sua participa\u00e7\u00e3o em programas humor\u00edsticos e produ\u00e7\u00f5es da televis\u00e3o brasileira.<\/p>\n<p>A publica\u00e7\u00e3o ajudou a preservar a mem\u00f3ria da atriz e apresentou ao p\u00fablico um olhar mais \u00edntimo sobre sua trajet\u00f3ria art\u00edstica e pessoal.<\/p>\n<h2>Despedida marcada por homenagens<\/h2>\n<p>A morte de Maria Francisco foi recebida com tristeza por amigos, familiares e profissionais ligados \u00e0 moda e \u00e0 cultura. Para muitos, ela deixa um legado marcado pela dedica\u00e7\u00e3o ao trabalho e pelo carinho com que mantinha suas rela\u00e7\u00f5es pessoais.<\/p>\n<p>Al\u00e9m de sua carreira, Maria tamb\u00e9m ser\u00e1 lembrada pelo esfor\u00e7o em preservar a hist\u00f3ria da m\u00e3e, uma das artistas mais queridas da televis\u00e3o brasileira.<\/p>\n<p>Sua trajet\u00f3ria permanece registrada tanto na mem\u00f3ria de quem conviveu com ela quanto no livro que escreveu, eternizando parte da hist\u00f3ria de <strong>Nair Bello<\/strong> para as futuras gera\u00e7\u00f5es.<\/p>\n<p><strong>Tags:<\/strong> Nair Bello, Maria Francisco, famosos brasileiros, moda brasileira, celebridades, Reinaldo Louren\u00e7o, Costanza Pascolato, biografia de Nair Bello<\/p>\n<p>\u00a0<\/p>\n<p>No dia em que o falecimento de Chico Xavier completa duas d\u00e9cadas, uma hist\u00f3ria do passado do m\u00e9dium veio \u00e0 p\u00fablico. \u00c9 que ele foi extremamente importante no processo de luto da saudosa Nair Bello.<\/p>\n<p>Vale destacar que em 1975, a famosa teve a infelicidade de perder o filho Manoel Francisco, de apenas 20 anos. Na ocasi\u00e3o, seu filho bateu o carro em uma \u00e1rvore, chegou a ser socorrido, ficou em coma, no entanto, acabou n\u00e3o resistindo aos ferimentos.<\/p>\n<p>No decorrer de uma entrevista cedida ao SBT em 1995, a atriz trouxe a mem\u00f3ria o epis\u00f3dio tr\u00e1gico de seu passado. \u201c<strong>Foi uma coisa muito dolorosa, a gente nunca consegue superar, mas por entender a vida espiritual e receber a carta do Chico Xavier, tudo me ajudou a viver<\/strong>\u201c, afirmou ela.<\/p>\n<p>O m\u00e9dium psicografou uma carta com detalhes exclusivos do herdeiro da famosa. \u201c<strong>Meu marido era esp\u00edrita, lia todos os livros. \u00c9 uma dor que na hora voc\u00ea n\u00e3o pensa em nada, \u00e9 um peda\u00e7o de voc\u00ea<\/strong>\u201c, revelou ela que buscou ajuda do religioso em Uberaba, em Minas Gerais em v\u00e1rias oportunidades.<\/p>\n<p>Na quarta vez ele come\u00e7ou a psicografar a carta. \u201c<strong>O trecho que s\u00f3 eu lembrei e que fiquei comovida foi que a gente estava jantando e combinando de ir passar o Natal em Limeira, combinando que dia n\u00f3s iamos. E ele falou: \u201ceu n\u00e3o vou\u201d. E eu perguntei porqu\u00ea. Tivemos uma discuss\u00e3o e a carta conta esse trecho, dizendo que eu tinha falado com ele<\/strong>\u201c, disse ela relembrando que o filho n\u00e3o foi porque morreu dias antes.<\/p>\n<p><strong>Veja na \u00edntegra:<\/strong><\/p>\n<figure class=\"wp-block-embed is-type-video is-provider-youtube wp-block-embed-youtube wp-embed-aspect-4-3 wp-has-aspect-ratio\">\n<p><iframe loading=\"lazy\" title=\"NAIR BELLO - Depoimento sobre Chico Xavier (1995)\" width=\"640\" height=\"480\" src=\"https:\/\/www.youtube.com\/embed\/SXwa8S3WF3E?feature=oembed\" frameborder=\"0\" allow=\"accelerometer; autoplay; clipboard-write; encrypted-media; gyroscope; picture-in-picture; web-share\" referrerpolicy=\"strict-origin-when-cross-origin\" allowfullscreen><\/iframe><\/p>\n<\/figure>\n<p>Vinte anos, ap\u00f3s a morte de Chico Xavier, a atriz Ana Rosa entregou particularidades curiosas a respeito de sua carreira. \u00c9 que ela soltou que no \u00faltimo encontro com o m\u00e9dium ouviu uma profecia.<\/p>\n<p>De acordo com a atriz, o encontro ocorreu em Uberaba, em Minas Gerais, quando ela estava em cartaz com a adapta\u00e7\u00e3o ao teatro de Violetas na Janela, livro fundamental para o espiritismo.<\/p>\n<p><em>\u201c<strong>Uma vez estivemos em Uberaba (Minas Gerais) com o espet\u00e1culo \u201cVioletas na janela\u201d e fomos at\u00e9 a casa dele. Tomamos aquele famoso ch\u00e1 que ele sempre convidava e ele nos disse uma coisa que at\u00e9 hoje lembramos, foi quase como uma profecia: \u201c(A pe\u00e7a) vai ficar muitos anos. Voc\u00eas est\u00e3o colocando violetas em uma janela de luz<\/strong>\u201d\u2019,<\/em>\u00a0relembra a famosa em conversa ao jornal \u2018Extra\u2019.<\/p>\n<p><!-- CONTENT END 2 --><\/p><\/div>\n","protected":false},"excerpt":{"rendered":"<p>A produtora de moda Maria Francisco morreu na manh\u00e3 desta quarta-feira (11), em S\u00e3o Paulo,&#8230;<\/p>\n","protected":false},"author":2,"featured_media":0,"comment_status":"","ping_status":"","sticky":false,"template":"","format":"standard","meta":{"footnotes":""},"categories":[2],"tags":[],"class_list":["post-39546","post","type-post","status-publish","format-standard","hentry","category-jogos-ao-vivo"],"amp_enabled":true,"_links":{"self":[{"href":"https:\/\/ipatingafc.com.br\/index.php\/wp-json\/wp\/v2\/posts\/39546","targetHints":{"allow":["GET"]}}],"collection":[{"href":"https:\/\/ipatingafc.com.br\/index.php\/wp-json\/wp\/v2\/posts"}],"about":[{"href":"https:\/\/ipatingafc.com.br\/index.php\/wp-json\/wp\/v2\/types\/post"}],"author":[{"embeddable":true,"href":"https:\/\/ipatingafc.com.br\/index.php\/wp-json\/wp\/v2\/users\/2"}],"replies":[{"embeddable":true,"href":"https:\/\/ipatingafc.com.br\/index.php\/wp-json\/wp\/v2\/comments?post=39546"}],"version-history":[{"count":0,"href":"https:\/\/ipatingafc.com.br\/index.php\/wp-json\/wp\/v2\/posts\/39546\/revisions"}],"wp:attachment":[{"href":"https:\/\/ipatingafc.com.br\/index.php\/wp-json\/wp\/v2\/media?parent=39546"}],"wp:term":[{"taxonomy":"category","embeddable":true,"href":"https:\/\/ipatingafc.com.br\/index.php\/wp-json\/wp\/v2\/categories?post=39546"},{"taxonomy":"post_tag","embeddable":true,"href":"https:\/\/ipatingafc.com.br\/index.php\/wp-json\/wp\/v2\/tags?post=39546"}],"curies":[{"name":"wp","href":"https:\/\/api.w.org\/{rel}","templated":true}]}}