{"id":39554,"date":"2026-03-12T07:21:47","date_gmt":"2026-03-12T10:21:47","guid":{"rendered":"https:\/\/ipatingafc.com.br\/index.php\/2026\/03\/12\/agencia-minas-gerais-previsao-do-tempo-para-minas-gerais-nesta-quinta-feira-12-de-marco\/"},"modified":"2026-03-12T07:21:47","modified_gmt":"2026-03-12T10:21:47","slug":"agencia-minas-gerais-previsao-do-tempo-para-minas-gerais-nesta-quinta-feira-12-de-marco","status":"publish","type":"post","link":"https:\/\/ipatingafc.com.br\/index.php\/2026\/03\/12\/agencia-minas-gerais-previsao-do-tempo-para-minas-gerais-nesta-quinta-feira-12-de-marco\/","title":{"rendered":"Ag\u00eancia Minas Gerais | Previs\u00e3o do tempo para Minas Gerais nesta quinta-feira, 12 de mar\u00e7o"},"content":{"rendered":"<p><\/p>\n<div>\n<p>A previs\u00e3o do tempo para esta quinta-feira (12\/3) \u00e9 de c\u00e9u\u00a0nublado com pancadas de chuva e trovoadas isoladas no Tri\u00e2ngulo Mineiro\/Alto Parana\u00edba, Oeste, Sul\/Sudoeste e Campo das Vertentes. C\u00e9u parcialmente nublado a nublado com pancadas de chuva e trovoadas isoladas na Zona da Mata, Metropolitana, Central Mineira e Noroeste. Demais regi\u00f5es, c\u00e9u parcialmente nublado com pancadas de chuva e trovoadas isoladas<\/p>\n<p>As temperaturas devem variar entre a m\u00ednima de 15\u00b0 e a m\u00e1xima de 35\u00b0C.<\/p>\n<p>Clique aqui\u00a0para conferir a previs\u00e3o completa do Instituto Nacional de Meteorologia (Inmet).<\/p>\n<\/p><\/div>\n","protected":false},"excerpt":{"rendered":"<p>A previs\u00e3o do tempo para esta quinta-feira (12\/3) \u00e9 de c\u00e9u\u00a0nublado com pancadas de chuva&#8230;<\/p>\n","protected":false},"author":2,"featured_media":0,"comment_status":"","ping_status":"","sticky":false,"template":"","format":"standard","meta":{"footnotes":""},"categories":[2],"tags":[],"class_list":["post-39554","post","type-post","status-publish","format-standard","hentry","category-jogos-ao-vivo"],"amp_enabled":true,"_links":{"self":[{"href":"https:\/\/ipatingafc.com.br\/index.php\/wp-json\/wp\/v2\/posts\/39554","targetHints":{"allow":["GET"]}}],"collection":[{"href":"https:\/\/ipatingafc.com.br\/index.php\/wp-json\/wp\/v2\/posts"}],"about":[{"href":"https:\/\/ipatingafc.com.br\/index.php\/wp-json\/wp\/v2\/types\/post"}],"author":[{"embeddable":true,"href":"https:\/\/ipatingafc.com.br\/index.php\/wp-json\/wp\/v2\/users\/2"}],"replies":[{"embeddable":true,"href":"https:\/\/ipatingafc.com.br\/index.php\/wp-json\/wp\/v2\/comments?post=39554"}],"version-history":[{"count":0,"href":"https:\/\/ipatingafc.com.br\/index.php\/wp-json\/wp\/v2\/posts\/39554\/revisions"}],"wp:attachment":[{"href":"https:\/\/ipatingafc.com.br\/index.php\/wp-json\/wp\/v2\/media?parent=39554"}],"wp:term":[{"taxonomy":"category","embeddable":true,"href":"https:\/\/ipatingafc.com.br\/index.php\/wp-json\/wp\/v2\/categories?post=39554"},{"taxonomy":"post_tag","embeddable":true,"href":"https:\/\/ipatingafc.com.br\/index.php\/wp-json\/wp\/v2\/tags?post=39554"}],"curies":[{"name":"wp","href":"https:\/\/api.w.org\/{rel}","templated":true}]}}